{"id":3188,"date":"2020-05-16T11:43:40","date_gmt":"2020-05-16T09:43:40","guid":{"rendered":"http:\/\/agora.xtec.cat\/ceellevant\/?p=3188"},"modified":"2020-05-16T11:48:14","modified_gmt":"2020-05-16T09:48:14","slug":"hem-guanyat-el-premi-baldiri-reixac-connexions","status":"publish","type":"post","link":"https:\/\/agora.xtec.cat\/ceellevant\/general\/hem-guanyat-el-premi-baldiri-reixac-connexions\/","title":{"rendered":"Hem guanyat el Premi Baldiri Reixac Connexions!!"},"content":{"rendered":"<h6 style=\"text-align: center;\">El Projecte elaborat entre l&#8217;escola i l&#8217;entitat Utopia Barcelona<\/h6>\n<h4 style=\"text-align: center;\"><a href=\"https:\/\/agora.xtec.cat\/ceellevant\/wp-content\/uploads\/usu999\/2020\/05\/Di\u00e0legs-est\u00e8tics-comunitat-educ-DEF-1.pdf\" target=\"_blank\" rel=\"noopener noreferrer\">Di\u00e0legs est\u00e8tics entre la comunitat educativa<\/a><\/h4>\n<p style=\"text-align: center;\"><img loading=\"lazy\" decoding=\"async\" class=\"alignnone wp-image-3187\" src=\"https:\/\/agora.xtec.cat\/ceellevant\/wp-content\/uploads\/usu999\/2020\/05\/Di\u00e0legs-est\u00e8tics.-escola-Utopia-1024x564.jpg\" alt=\"\" width=\"218\" height=\"120\" srcset=\"https:\/\/agora.xtec.cat\/ceellevant\/wp-content\/uploads\/usu999\/2020\/05\/Di\u00e0legs-est\u00e8tics.-escola-Utopia-1024x564.jpg 1024w, https:\/\/agora.xtec.cat\/ceellevant\/wp-content\/uploads\/usu999\/2020\/05\/Di\u00e0legs-est\u00e8tics.-escola-Utopia-300x165.jpg 300w, https:\/\/agora.xtec.cat\/ceellevant\/wp-content\/uploads\/usu999\/2020\/05\/Di\u00e0legs-est\u00e8tics.-escola-Utopia-768x423.jpg 768w, https:\/\/agora.xtec.cat\/ceellevant\/wp-content\/uploads\/usu999\/2020\/05\/Di\u00e0legs-est\u00e8tics.-escola-Utopia.jpg 1277w\" sizes=\"auto, (max-width: 218px) 100vw, 218px\" \/><\/p>\n<h6 style=\"text-align: center;\">ha estat premiat amb aquest guard\u00f3.<\/h6>\n<p>Es tracta d&#8217;una proposta per desenvolupar i potenciar les arts pl\u00e0stiques que engegarem el curs 20-21 i que abarcar\u00e0 a tota la comunitat educativa: alumnes, fam\u00edlies i professionals.<\/p>\n<p>Ens sentim molt contents d&#8217;aquest premi i tal com ens encoratja la Fundaci\u00f3 Carulla, promotora del mateix, nosaltres tamb\u00e9 secundem el seu prop\u00f2sit:<\/p>\n<h6 style=\"text-align: center;\">&#8220;La cultura transforma l&#8217;educaci\u00f3, <span style=\"font-family: inherit; font-size: 1em;\">l&#8217;educaci\u00f3 transforma les persones,<\/span><\/h6>\n<h6 style=\"text-align: center;\"><span style=\"font-family: inherit; font-size: 1em;\"> i les persones transformem el m\u00f3n!&#8221;<\/span><\/h6>\n<p style=\"text-align: center;\">Ben aviat us informarem de l&#8217;entrega virtual del Premi.<\/p>\n<p>&nbsp;<\/p>\n","protected":false},"excerpt":{"rendered":"<p>El Projecte elaborat entre l&#8217;escola i l&#8217;entitat Utopia Barcelona<br \/>\n<a href=\"https:\/\/agora.xtec.cat\/ceellevant\/wp-content\/uploads\/usu999\/2020\/05\/Di\u00e0legs-est\u00e8tics-comunitat-educ-DEF-1.pdf\" target=\"_blank\" rel=\"noopener noreferrer\">Di\u00e0legs est\u00e8tics entre la comunitat educativa<\/a><\/p>\n<p>ha estat premiat amb aquest guard\u00f3.<br \/>\nEs tracta d&#8217;una proposta per desenvolupar i potenciar les arts pl\u00e0stiques que engegarem el curs 20-21 i que abarcar\u00e0 a tota la comunitat&hellip;  <a href=\"https:\/\/agora.xtec.cat\/ceellevant\/general\/hem-guanyat-el-premi-baldiri-reixac-connexions\/\" title=\"Read Hem guanyat el Premi Baldiri Reixac Connexions!!\">Llegeix m\u00e9s\u00bb<\/a><\/p>\n","protected":false},"author":1,"featured_media":2826,"comment_status":"closed","ping_status":"closed","sticky":false,"template":"","format":"standard","meta":{"_bbp_topic_count":0,"_bbp_reply_count":0,"_bbp_total_topic_count":0,"_bbp_total_reply_count":0,"_bbp_voice_count":0,"_bbp_anonymous_reply_count":0,"_bbp_topic_count_hidden":0,"_bbp_reply_count_hidden":0,"_bbp_forum_subforum_count":0,"footnotes":""},"categories":[1,4],"tags":[236,237,108],"class_list":["post-3188","post","type-post","status-publish","format-standard","has-post-thumbnail","hentry","category-general","category-portada","tag-arts-plastiques","tag-premi-baldiri-reixac","tag-sompresents"],"post_mailing_queue_ids":[],"_links":{"self":[{"href":"https:\/\/agora.xtec.cat\/ceellevant\/wp-json\/wp\/v2\/posts\/3188","targetHints":{"allow":["GET"]}}],"collection":[{"href":"https:\/\/agora.xtec.cat\/ceellevant\/wp-json\/wp\/v2\/posts"}],"about":[{"href":"https:\/\/agora.xtec.cat\/ceellevant\/wp-json\/wp\/v2\/types\/post"}],"author":[{"embeddable":true,"href":"https:\/\/agora.xtec.cat\/ceellevant\/wp-json\/wp\/v2\/users\/1"}],"replies":[{"embeddable":true,"href":"https:\/\/agora.xtec.cat\/ceellevant\/wp-json\/wp\/v2\/comments?post=3188"}],"version-history":[{"count":3,"href":"https:\/\/agora.xtec.cat\/ceellevant\/wp-json\/wp\/v2\/posts\/3188\/revisions"}],"predecessor-version":[{"id":3199,"href":"https:\/\/agora.xtec.cat\/ceellevant\/wp-json\/wp\/v2\/posts\/3188\/revisions\/3199"}],"wp:featuredmedia":[{"embeddable":true,"href":"https:\/\/agora.xtec.cat\/ceellevant\/wp-json\/wp\/v2\/media\/2826"}],"wp:attachment":[{"href":"https:\/\/agora.xtec.cat\/ceellevant\/wp-json\/wp\/v2\/media?parent=3188"}],"wp:term":[{"taxonomy":"category","embeddable":true,"href":"https:\/\/agora.xtec.cat\/ceellevant\/wp-json\/wp\/v2\/categories?post=3188"},{"taxonomy":"post_tag","embeddable":true,"href":"https:\/\/agora.xtec.cat\/ceellevant\/wp-json\/wp\/v2\/tags?post=3188"}],"curies":[{"name":"wp","href":"https:\/\/api.w.org\/{rel}","templated":true}]}}