{"id":3175,"date":"2020-05-11T09:49:38","date_gmt":"2020-05-11T07:49:38","guid":{"rendered":"http:\/\/agora.xtec.cat\/ceellevant\/?p=3175"},"modified":"2020-05-11T09:52:30","modified_gmt":"2020-05-11T07:52:30","slug":"els-dimonis-del-cicle-mitja-i-superior","status":"publish","type":"post","link":"https:\/\/agora.xtec.cat\/ceellevant\/general\/els-dimonis-del-cicle-mitja-i-superior\/","title":{"rendered":"ELS DIMONIS DEL CICLE MITJ\u00c0 I SUPERIOR"},"content":{"rendered":"<p>Joia, fantasia i bon humor dels nostres estimats &#8220;dimonis&#8221; dels cicles mitj\u00e0 i superior que aquest any ens mostren les seves entremaliadures a trav\u00e9s d&#8217;un v\u00eddeo per celebrar virtualment, la festa del Dimoni en aquests dies de confinament.<\/p>\n<p><iframe loading=\"lazy\" title=\"CEE LLEVANT.EL DIMONI DE CICLE MITJ\u00c0 I SUPERIOR\" width=\"500\" height=\"375\" src=\"https:\/\/www.youtube.com\/embed\/KkMUDJGZ0GM?feature=oembed\" frameborder=\"0\" allow=\"accelerometer; autoplay; clipboard-write; encrypted-media; gyroscope; picture-in-picture; web-share\" referrerpolicy=\"strict-origin-when-cross-origin\" allowfullscreen><\/iframe><\/p>\n","protected":false},"excerpt":{"rendered":"<p>Joia, fantasia i bon humor dels nostres estimats &#8220;dimonis&#8221; dels cicles mitj\u00e0 i superior que aquest any ens mostren les seves entremaliadures a trav\u00e9s d&#8217;un v\u00eddeo per celebrar virtualment, la festa del Dimoni en aquests dies de confinament.<\/p>\n","protected":false},"author":1,"featured_media":3176,"comment_status":"open","ping_status":"closed","sticky":false,"template":"","format":"standard","meta":{"_bbp_topic_count":0,"_bbp_reply_count":0,"_bbp_total_topic_count":0,"_bbp_total_reply_count":0,"_bbp_voice_count":0,"_bbp_anonymous_reply_count":0,"_bbp_topic_count_hidden":0,"_bbp_reply_count_hidden":0,"_bbp_forum_subforum_count":0,"footnotes":""},"categories":[47,41,1,4],"tags":[117,45,173,129],"class_list":["post-3175","post","type-post","status-publish","format-standard","has-post-thumbnail","hentry","category-cicle-mitja","category-cicle-superior","category-general","category-portada","tag-cicle-mitja","tag-cicle-superior","tag-curs1920","tag-festes-de-maig"],"post_mailing_queue_ids":[],"_links":{"self":[{"href":"https:\/\/agora.xtec.cat\/ceellevant\/wp-json\/wp\/v2\/posts\/3175","targetHints":{"allow":["GET"]}}],"collection":[{"href":"https:\/\/agora.xtec.cat\/ceellevant\/wp-json\/wp\/v2\/posts"}],"about":[{"href":"https:\/\/agora.xtec.cat\/ceellevant\/wp-json\/wp\/v2\/types\/post"}],"author":[{"embeddable":true,"href":"https:\/\/agora.xtec.cat\/ceellevant\/wp-json\/wp\/v2\/users\/1"}],"replies":[{"embeddable":true,"href":"https:\/\/agora.xtec.cat\/ceellevant\/wp-json\/wp\/v2\/comments?post=3175"}],"version-history":[{"count":2,"href":"https:\/\/agora.xtec.cat\/ceellevant\/wp-json\/wp\/v2\/posts\/3175\/revisions"}],"predecessor-version":[{"id":3178,"href":"https:\/\/agora.xtec.cat\/ceellevant\/wp-json\/wp\/v2\/posts\/3175\/revisions\/3178"}],"wp:featuredmedia":[{"embeddable":true,"href":"https:\/\/agora.xtec.cat\/ceellevant\/wp-json\/wp\/v2\/media\/3176"}],"wp:attachment":[{"href":"https:\/\/agora.xtec.cat\/ceellevant\/wp-json\/wp\/v2\/media?parent=3175"}],"wp:term":[{"taxonomy":"category","embeddable":true,"href":"https:\/\/agora.xtec.cat\/ceellevant\/wp-json\/wp\/v2\/categories?post=3175"},{"taxonomy":"post_tag","embeddable":true,"href":"https:\/\/agora.xtec.cat\/ceellevant\/wp-json\/wp\/v2\/tags?post=3175"}],"curies":[{"name":"wp","href":"https:\/\/api.w.org\/{rel}","templated":true}]}}