{"id":2894,"date":"2020-03-27T14:15:18","date_gmt":"2020-03-27T13:15:18","guid":{"rendered":"http:\/\/agora.xtec.cat\/ceellevant\/?p=2894"},"modified":"2020-03-27T14:15:18","modified_gmt":"2020-03-27T13:15:18","slug":"jo-em-quedo-a-casa","status":"publish","type":"post","link":"https:\/\/agora.xtec.cat\/ceellevant\/general\/jo-em-quedo-a-casa\/","title":{"rendered":"JO EM QUEDO A CASA"},"content":{"rendered":"<p>Tota la fam\u00edlia que formem l&#8217;Escola Llevant us volem enviar molts \u00e0nims i tot el nostre suport! Per aix\u00f2, hem fet un v\u00eddeo on des de casa us fem arribar el nostre caliu amb el lema #joemquedoacasa!<\/p>\n<p>Esperem de tot cor que us agradi! Us trobem a faltar!!!<\/p>\n<p><iframe loading=\"lazy\" title=\"JO EM QUEDO A CASA. CEE LLEVANT\" width=\"500\" height=\"281\" src=\"https:\/\/www.youtube.com\/embed\/et9B56VGwmE?feature=oembed\" frameborder=\"0\" allow=\"accelerometer; autoplay; clipboard-write; encrypted-media; gyroscope; picture-in-picture; web-share\" referrerpolicy=\"strict-origin-when-cross-origin\" allowfullscreen><\/iframe><\/p>\n","protected":false},"excerpt":{"rendered":"<p>Tota la fam\u00edlia que formem l&#8217;Escola Llevant us volem enviar molts \u00e0nims i tot el nostre suport! Per aix\u00f2, hem fet un v\u00eddeo on des de casa us fem arribar el nostre caliu amb el lema #joemquedoacasa!<br \/>\nEsperem de tot cor que us agradi! Us trobem&hellip;  <a href=\"https:\/\/agora.xtec.cat\/ceellevant\/general\/jo-em-quedo-a-casa\/\" title=\"Read JO EM QUEDO A CASA\">Llegeix m\u00e9s\u00bb<\/a><\/p>\n","protected":false},"author":1,"featured_media":2895,"comment_status":"open","ping_status":"closed","sticky":false,"template":"","format":"standard","meta":{"_bbp_topic_count":0,"_bbp_reply_count":0,"_bbp_total_topic_count":0,"_bbp_total_reply_count":0,"_bbp_voice_count":0,"_bbp_anonymous_reply_count":0,"_bbp_topic_count_hidden":0,"_bbp_reply_count_hidden":0,"_bbp_forum_subforum_count":0,"footnotes":""},"categories":[1,4],"tags":[182,181,186],"class_list":["post-2894","post","type-post","status-publish","format-standard","has-post-thumbnail","hentry","category-general","category-portada","tag-covid19","tag-curs-1920","tag-joemquedoacasa"],"post_mailing_queue_ids":[],"_links":{"self":[{"href":"https:\/\/agora.xtec.cat\/ceellevant\/wp-json\/wp\/v2\/posts\/2894","targetHints":{"allow":["GET"]}}],"collection":[{"href":"https:\/\/agora.xtec.cat\/ceellevant\/wp-json\/wp\/v2\/posts"}],"about":[{"href":"https:\/\/agora.xtec.cat\/ceellevant\/wp-json\/wp\/v2\/types\/post"}],"author":[{"embeddable":true,"href":"https:\/\/agora.xtec.cat\/ceellevant\/wp-json\/wp\/v2\/users\/1"}],"replies":[{"embeddable":true,"href":"https:\/\/agora.xtec.cat\/ceellevant\/wp-json\/wp\/v2\/comments?post=2894"}],"version-history":[{"count":1,"href":"https:\/\/agora.xtec.cat\/ceellevant\/wp-json\/wp\/v2\/posts\/2894\/revisions"}],"predecessor-version":[{"id":2896,"href":"https:\/\/agora.xtec.cat\/ceellevant\/wp-json\/wp\/v2\/posts\/2894\/revisions\/2896"}],"wp:featuredmedia":[{"embeddable":true,"href":"https:\/\/agora.xtec.cat\/ceellevant\/wp-json\/wp\/v2\/media\/2895"}],"wp:attachment":[{"href":"https:\/\/agora.xtec.cat\/ceellevant\/wp-json\/wp\/v2\/media?parent=2894"}],"wp:term":[{"taxonomy":"category","embeddable":true,"href":"https:\/\/agora.xtec.cat\/ceellevant\/wp-json\/wp\/v2\/categories?post=2894"},{"taxonomy":"post_tag","embeddable":true,"href":"https:\/\/agora.xtec.cat\/ceellevant\/wp-json\/wp\/v2\/tags?post=2894"}],"curies":[{"name":"wp","href":"https:\/\/api.w.org\/{rel}","templated":true}]}}