{"id":2857,"date":"2020-03-20T17:21:55","date_gmt":"2020-03-20T16:21:55","guid":{"rendered":"http:\/\/agora.xtec.cat\/ceellevant\/?p=2857"},"modified":"2020-03-20T17:25:28","modified_gmt":"2020-03-20T16:25:28","slug":"crisis-pel-coronavirus-carta-a-les-families","status":"publish","type":"post","link":"https:\/\/agora.xtec.cat\/ceellevant\/general\/crisis-pel-coronavirus-carta-a-les-families\/","title":{"rendered":"Crisis pel coronavirus. Carta a les fam\u00edlies"},"content":{"rendered":"<p>Benvolgudes fam\u00edlies,<\/p>\n<p>Estem vivint una situaci\u00f3 impensable, que ha trencat totes les nostres rutines del dia a dia\u00a0i segons\u00a0les \u00faltimes not\u00edcies que tenim,\u00a0el confinament s\u2019allargar\u00e0 fins a nou av\u00eds.<\/p>\n<p>Entenem que els vostres fills necessiten d\u2019aquestes rutines i ara les heu de fer a casa, les 24 hores.<\/p>\n<p>A trav\u00e9s d&#8217;aquest correu electr\u00f2nic volem obrir\u00a0una l\u00ednia de contacte amb vosaltres per oferir-vos suport en la mesura de les nostres possibilitats.<\/p>\n<p>Si\u00a0voleu\u00a0comentar-nos\u00a0alguna cosa, dubte o aspecte que penseu \u00e9s interessant pel vostre fill\/a,\u00a0feu-nos\u00a0la consulta\u00a0a aquesta adre\u00e7a de correu\u00a0i el tutor\/a, logopeda, fisioterapeuta\u00a0o psic\u00f2leg\u00a0es posar\u00e0 en contacte\u00a0amb vosaltres.<\/p>\n<p>Tamb\u00e9 us facilitarem, el m\u00e9s aviat possible, una guia amb consells per organitzar les rutines di\u00e0ries i exemples de materials, aix\u00ed com p\u00e0gines web que poden ser de l&#8217;inter\u00e8s del vostre fill\/a.<\/p>\n<p>Comen\u00e7arem informant-vos que segons les directrius del Gobierno de Espanya\u00a0<strong>podeu sortir amb els vostres fills a passejar, sempre i quan porteu el Certificat de Disminuci\u00f3 a sobre.<\/strong><strong>\u00a0<\/strong>Us adjuntem el document que ha elaborat <a href=\"https:\/\/agora.xtec.cat\/ceellevant\/wp-content\/uploads\/usu999\/2020\/03\/plena-inclusi\u00f3n..docx\">&#8220;Plena inclusi\u00f3n&#8221;<\/a>\u00a0on s&#8217;explica tot el que fa refer\u00e8ncia a aquest tema.<\/p>\n<p>Tamb\u00e9 anirem penjant informacions que considerem que poden ser del vostre inter\u00e8s a la p\u00e0gina web de l&#8217;escola\u00a0<a href=\"https:\/\/agora.xtec.cat\/ceellevant\/\" data-saferedirecturl=\"https:\/\/www.google.com\/url?q=https:\/\/agora.xtec.cat\/ceellevant\/&amp;source=gmail&amp;ust=1584806222600000&amp;usg=AFQjCNEc_WHrqLIxCrij5wqVdS6trvme8g\">https:\/\/agora.xtec.cat\/ceellevant\/<\/a><\/p>\n<p>De part de tot l&#8217;equip de professionals de l&#8217;escola us volem donar \u00e0nims i que passeu aquesta situaci\u00f3 el millor possible.<\/p>\n<p>Cordialment,<\/p>\n<p>L&#8217;Equip Directiu<\/p>\n","protected":false},"excerpt":{"rendered":"<p>Benvolgudes fam\u00edlies,<br \/>\nEstem vivint una situaci\u00f3 impensable, que ha trencat totes les nostres rutines del dia a dia\u00a0i segons\u00a0les \u00faltimes not\u00edcies que tenim,\u00a0el confinament s\u2019allargar\u00e0 fins a nou av\u00eds.<br \/>\nEntenem que els vostres fills necessiten d\u2019aquestes rutines i ara les heu de fer a casa, les 24&hellip;  <a href=\"https:\/\/agora.xtec.cat\/ceellevant\/general\/crisis-pel-coronavirus-carta-a-les-families\/\" title=\"Read Crisis pel coronavirus. Carta a les fam\u00edlies\">Llegeix m\u00e9s\u00bb<\/a><\/p>\n","protected":false},"author":1,"featured_media":0,"comment_status":"closed","ping_status":"closed","sticky":false,"template":"","format":"standard","meta":{"_bbp_topic_count":0,"_bbp_reply_count":0,"_bbp_total_topic_count":0,"_bbp_total_reply_count":0,"_bbp_voice_count":0,"_bbp_anonymous_reply_count":0,"_bbp_topic_count_hidden":0,"_bbp_reply_count_hidden":0,"_bbp_forum_subforum_count":0,"footnotes":""},"categories":[1,4],"tags":[181,180,179],"class_list":["post-2857","post","type-post","status-publish","format-standard","hentry","category-general","category-portada","tag-curs-1920","tag-general","tag-portada"],"post_mailing_queue_ids":[],"_links":{"self":[{"href":"https:\/\/agora.xtec.cat\/ceellevant\/wp-json\/wp\/v2\/posts\/2857","targetHints":{"allow":["GET"]}}],"collection":[{"href":"https:\/\/agora.xtec.cat\/ceellevant\/wp-json\/wp\/v2\/posts"}],"about":[{"href":"https:\/\/agora.xtec.cat\/ceellevant\/wp-json\/wp\/v2\/types\/post"}],"author":[{"embeddable":true,"href":"https:\/\/agora.xtec.cat\/ceellevant\/wp-json\/wp\/v2\/users\/1"}],"replies":[{"embeddable":true,"href":"https:\/\/agora.xtec.cat\/ceellevant\/wp-json\/wp\/v2\/comments?post=2857"}],"version-history":[{"count":3,"href":"https:\/\/agora.xtec.cat\/ceellevant\/wp-json\/wp\/v2\/posts\/2857\/revisions"}],"predecessor-version":[{"id":2863,"href":"https:\/\/agora.xtec.cat\/ceellevant\/wp-json\/wp\/v2\/posts\/2857\/revisions\/2863"}],"wp:attachment":[{"href":"https:\/\/agora.xtec.cat\/ceellevant\/wp-json\/wp\/v2\/media?parent=2857"}],"wp:term":[{"taxonomy":"category","embeddable":true,"href":"https:\/\/agora.xtec.cat\/ceellevant\/wp-json\/wp\/v2\/categories?post=2857"},{"taxonomy":"post_tag","embeddable":true,"href":"https:\/\/agora.xtec.cat\/ceellevant\/wp-json\/wp\/v2\/tags?post=2857"}],"curies":[{"name":"wp","href":"https:\/\/api.w.org\/{rel}","templated":true}]}}