{"id":2704,"date":"2019-12-05T13:35:07","date_gmt":"2019-12-05T12:35:07","guid":{"rendered":"http:\/\/agora.xtec.cat\/ceellevant\/?p=2704"},"modified":"2019-12-05T13:35:19","modified_gmt":"2019-12-05T12:35:19","slug":"30e-aniversari-de-la-declaracio-dels-drets-dels-infants","status":"publish","type":"post","link":"https:\/\/agora.xtec.cat\/ceellevant\/portada\/30e-aniversari-de-la-declaracio-dels-drets-dels-infants\/","title":{"rendered":"30\u00e8 ANIVERSARI DE LA DECLARACI\u00d3 DELS DRETS DELS INFANTS"},"content":{"rendered":"<p>L\u2019escola Llevant tamb\u00e9 ha participat del Dia dels Drets dels Infants amb molta alegr\u00eda, que va comen\u00e7ar amb\u00a0 la lectura del manifest.<\/p>\n<p>Aqu\u00ed us deixem un v\u00eddeo de mostra<\/p>\n<p><iframe loading=\"lazy\" title=\"Escola Llevant CIB Drets dels infants\" width=\"500\" height=\"281\" src=\"https:\/\/www.youtube.com\/embed\/w0FaGoH412I?feature=oembed\" frameborder=\"0\" allow=\"accelerometer; autoplay; clipboard-write; encrypted-media; gyroscope; picture-in-picture; web-share\" referrerpolicy=\"strict-origin-when-cross-origin\" allowfullscreen><\/iframe><\/p>\n<p>&nbsp;<\/p>\n","protected":false},"excerpt":{"rendered":"<p>L\u2019escola Llevant tamb\u00e9 ha participat del Dia dels Drets dels Infants amb molta alegr\u00eda, que va comen\u00e7ar amb\u00a0 la lectura del manifest.<br \/>\nAqu\u00ed us deixem un v\u00eddeo de mostra<\/p>\n<p>&nbsp;<\/p>\n","protected":false},"author":1,"featured_media":2705,"comment_status":"open","ping_status":"closed","sticky":false,"template":"","format":"standard","meta":{"_bbp_topic_count":0,"_bbp_reply_count":0,"_bbp_total_topic_count":0,"_bbp_total_reply_count":0,"_bbp_voice_count":0,"_bbp_anonymous_reply_count":0,"_bbp_topic_count_hidden":0,"_bbp_reply_count_hidden":0,"_bbp_forum_subforum_count":0,"footnotes":""},"categories":[47,4],"tags":[176,117,173,175],"class_list":["post-2704","post","type-post","status-publish","format-standard","has-post-thumbnail","hentry","category-cicle-mitja","category-portada","tag-activitats-escola","tag-cicle-mitja","tag-curs1920","tag-dretsinfants"],"post_mailing_queue_ids":[],"_links":{"self":[{"href":"https:\/\/agora.xtec.cat\/ceellevant\/wp-json\/wp\/v2\/posts\/2704","targetHints":{"allow":["GET"]}}],"collection":[{"href":"https:\/\/agora.xtec.cat\/ceellevant\/wp-json\/wp\/v2\/posts"}],"about":[{"href":"https:\/\/agora.xtec.cat\/ceellevant\/wp-json\/wp\/v2\/types\/post"}],"author":[{"embeddable":true,"href":"https:\/\/agora.xtec.cat\/ceellevant\/wp-json\/wp\/v2\/users\/1"}],"replies":[{"embeddable":true,"href":"https:\/\/agora.xtec.cat\/ceellevant\/wp-json\/wp\/v2\/comments?post=2704"}],"version-history":[{"count":1,"href":"https:\/\/agora.xtec.cat\/ceellevant\/wp-json\/wp\/v2\/posts\/2704\/revisions"}],"predecessor-version":[{"id":2706,"href":"https:\/\/agora.xtec.cat\/ceellevant\/wp-json\/wp\/v2\/posts\/2704\/revisions\/2706"}],"wp:featuredmedia":[{"embeddable":true,"href":"https:\/\/agora.xtec.cat\/ceellevant\/wp-json\/wp\/v2\/media\/2705"}],"wp:attachment":[{"href":"https:\/\/agora.xtec.cat\/ceellevant\/wp-json\/wp\/v2\/media?parent=2704"}],"wp:term":[{"taxonomy":"category","embeddable":true,"href":"https:\/\/agora.xtec.cat\/ceellevant\/wp-json\/wp\/v2\/categories?post=2704"},{"taxonomy":"post_tag","embeddable":true,"href":"https:\/\/agora.xtec.cat\/ceellevant\/wp-json\/wp\/v2\/tags?post=2704"}],"curies":[{"name":"wp","href":"https:\/\/api.w.org\/{rel}","templated":true}]}}