{"id":2527,"date":"2019-06-26T12:39:39","date_gmt":"2019-06-26T10:39:39","guid":{"rendered":"http:\/\/agora.xtec.cat\/ceellevant\/?p=2527"},"modified":"2019-06-26T13:11:28","modified_gmt":"2019-06-26T11:11:28","slug":"el-cicle-mitja-i-superior-va-al-montseny","status":"publish","type":"post","link":"https:\/\/agora.xtec.cat\/ceellevant\/general\/el-cicle-mitja-i-superior-va-al-montseny\/","title":{"rendered":"El cicle mitj\u00e0 i superior va al Montseny"},"content":{"rendered":"<p>Els alumnes de cicle mitj\u00e0 i superior, per finalitzar el curs, hem anat d\u2019excursi\u00f3 al Montseny aventura.<\/p>\n<p>Primer els monitors ens van explicar les diferents activitats que realitzar\u00edem al llarg del dia i ens van dividir en dos grups.<\/p>\n<p><img loading=\"lazy\" decoding=\"async\" class=\"aligncenter size-medium wp-image-2528\" src=\"https:\/\/agora.xtec.cat\/ceellevant\/wp-content\/uploads\/usu999\/2019\/06\/Portada-300x225.jpg\" alt=\"\" width=\"300\" height=\"225\" srcset=\"https:\/\/agora.xtec.cat\/ceellevant\/wp-content\/uploads\/usu999\/2019\/06\/Portada-300x225.jpg 300w, https:\/\/agora.xtec.cat\/ceellevant\/wp-content\/uploads\/usu999\/2019\/06\/Portada-768x576.jpg 768w, https:\/\/agora.xtec.cat\/ceellevant\/wp-content\/uploads\/usu999\/2019\/06\/Portada-200x150.jpg 200w, https:\/\/agora.xtec.cat\/ceellevant\/wp-content\/uploads\/usu999\/2019\/06\/Portada.jpg 800w\" sizes=\"auto, (max-width: 300px) 100vw, 300px\" \/><\/p>\n<p>Vam comen\u00e7ar amb el paint ball, tir amb arc , voleibol , f\u00fatbol i per \u00faltim ens vam portar al circuit dels karts , aquesta va ser de les que m\u00e9s ens va agradar.<\/p>\n<p>Aqu\u00ed us deixem una recopilaci\u00f3 de fotos perqu\u00e8 pugueu veure tot el que vam disfrutar!!<\/p>\n<p style=\"text-align: center;\"><a href=\"https:\/\/photos.app.goo.gl\/T4VASMHomp9H5tm79\" target=\"_blank\" rel=\"noopener noreferrer\">FOTOS EXCURSI\u00d3 AL MONTSENY<\/a><\/p>\n<p>&nbsp;<\/p>\n<p>&nbsp;<\/p>\n","protected":false},"excerpt":{"rendered":"<p>Els alumnes de cicle mitj\u00e0 i superior, per finalitzar el curs, hem anat d\u2019excursi\u00f3 al Montseny aventura.<br \/>\nPrimer els monitors ens van explicar les diferents activitats que realitzar\u00edem al llarg del dia i ens van dividir en dos grups.<\/p>\n<p>Vam comen\u00e7ar amb el paint ball, tir amb&hellip;  <a href=\"https:\/\/agora.xtec.cat\/ceellevant\/general\/el-cicle-mitja-i-superior-va-al-montseny\/\" title=\"Read El cicle mitj\u00e0 i superior va al Montseny\">Llegeix m\u00e9s\u00bb<\/a><\/p>\n","protected":false},"author":1,"featured_media":2495,"comment_status":"open","ping_status":"closed","sticky":false,"template":"","format":"standard","meta":{"_bbp_topic_count":0,"_bbp_reply_count":0,"_bbp_total_topic_count":0,"_bbp_total_reply_count":0,"_bbp_voice_count":0,"_bbp_anonymous_reply_count":0,"_bbp_topic_count_hidden":0,"_bbp_reply_count_hidden":0,"_bbp_forum_subforum_count":0,"footnotes":""},"categories":[41,1,4],"tags":[79],"class_list":["post-2527","post","type-post","status-publish","format-standard","has-post-thumbnail","hentry","category-cicle-superior","category-general","category-portada","tag-excursions"],"post_mailing_queue_ids":[],"_links":{"self":[{"href":"https:\/\/agora.xtec.cat\/ceellevant\/wp-json\/wp\/v2\/posts\/2527","targetHints":{"allow":["GET"]}}],"collection":[{"href":"https:\/\/agora.xtec.cat\/ceellevant\/wp-json\/wp\/v2\/posts"}],"about":[{"href":"https:\/\/agora.xtec.cat\/ceellevant\/wp-json\/wp\/v2\/types\/post"}],"author":[{"embeddable":true,"href":"https:\/\/agora.xtec.cat\/ceellevant\/wp-json\/wp\/v2\/users\/1"}],"replies":[{"embeddable":true,"href":"https:\/\/agora.xtec.cat\/ceellevant\/wp-json\/wp\/v2\/comments?post=2527"}],"version-history":[{"count":3,"href":"https:\/\/agora.xtec.cat\/ceellevant\/wp-json\/wp\/v2\/posts\/2527\/revisions"}],"predecessor-version":[{"id":2532,"href":"https:\/\/agora.xtec.cat\/ceellevant\/wp-json\/wp\/v2\/posts\/2527\/revisions\/2532"}],"wp:featuredmedia":[{"embeddable":true,"href":"https:\/\/agora.xtec.cat\/ceellevant\/wp-json\/wp\/v2\/media\/2495"}],"wp:attachment":[{"href":"https:\/\/agora.xtec.cat\/ceellevant\/wp-json\/wp\/v2\/media?parent=2527"}],"wp:term":[{"taxonomy":"category","embeddable":true,"href":"https:\/\/agora.xtec.cat\/ceellevant\/wp-json\/wp\/v2\/categories?post=2527"},{"taxonomy":"post_tag","embeddable":true,"href":"https:\/\/agora.xtec.cat\/ceellevant\/wp-json\/wp\/v2\/tags?post=2527"}],"curies":[{"name":"wp","href":"https:\/\/api.w.org\/{rel}","templated":true}]}}