{"id":2501,"date":"2019-06-07T13:49:24","date_gmt":"2019-06-07T11:49:24","guid":{"rendered":"http:\/\/agora.xtec.cat\/ceellevant\/?p=2501"},"modified":"2019-06-07T13:49:24","modified_gmt":"2019-06-07T11:49:24","slug":"concert-final-de-curs-2019","status":"publish","type":"post","link":"https:\/\/agora.xtec.cat\/ceellevant\/portada\/concert-final-de-curs-2019\/","title":{"rendered":"CONCERT FINAL DE CURS 2019"},"content":{"rendered":"<p>Un any m\u00e9s i dins el marc del Projecte de M\u00fasica de l&#8217;Escola Llevant, alumnes del cicle inicial de l&#8217;Escola i alumnes de l&#8217;Institut Escola Art\u00edstic Oriol Martorell s&#8217;uneixen per interpretar conjuntament unes peces musicals.<\/p>\n<p>Sota la direcci\u00f3 de la N\u00faria Losada i la col\u00b7laboraci\u00f3 dels professionals de l&#8217;escola, hem pogut gaudir un any m\u00e9s d&#8217;aquest concert tan especial.<\/p>\n<p>Gr\u00e0cies a tot@s els que ho feu possible, a les fam\u00edlies que han vingut a veure&#8217;ns i sobretot als m\u00fasics que ho han fet s\u00faper b\u00e9!!!<\/p>\n<p><iframe loading=\"lazy\" title=\"CONCERT FINAL DE CURS 2019\" width=\"500\" height=\"281\" src=\"https:\/\/www.youtube.com\/embed\/jRKZreL259o?feature=oembed\" frameborder=\"0\" allow=\"accelerometer; autoplay; clipboard-write; encrypted-media; gyroscope; picture-in-picture; web-share\" referrerpolicy=\"strict-origin-when-cross-origin\" allowfullscreen><\/iframe><\/p>\n","protected":false},"excerpt":{"rendered":"<p>Un any m\u00e9s i dins el marc del Projecte de M\u00fasica de l&#8217;Escola Llevant, alumnes del cicle inicial de l&#8217;Escola i alumnes de l&#8217;Institut Escola Art\u00edstic Oriol Martorell s&#8217;uneixen per interpretar conjuntament unes peces musicals.<br \/>\nSota la direcci\u00f3 de la N\u00faria Losada i la col\u00b7laboraci\u00f3 dels&hellip;  <a href=\"https:\/\/agora.xtec.cat\/ceellevant\/portada\/concert-final-de-curs-2019\/\" title=\"Read CONCERT FINAL DE CURS 2019\">Llegeix m\u00e9s\u00bb<\/a><\/p>\n","protected":false},"author":1,"featured_media":2502,"comment_status":"open","ping_status":"closed","sticky":false,"template":"","format":"standard","meta":{"_bbp_topic_count":0,"_bbp_reply_count":0,"_bbp_total_topic_count":0,"_bbp_total_reply_count":0,"_bbp_voice_count":0,"_bbp_anonymous_reply_count":0,"_bbp_topic_count_hidden":0,"_bbp_reply_count_hidden":0,"_bbp_forum_subforum_count":0,"footnotes":""},"categories":[46,4],"tags":[97,134,93],"class_list":["post-2501","post","type-post","status-publish","format-standard","has-post-thumbnail","hentry","category-cicle-inicial","category-portada","tag-cicle-inicial","tag-concert-final-de-curs","tag-projecte-de-musica"],"post_mailing_queue_ids":[],"_links":{"self":[{"href":"https:\/\/agora.xtec.cat\/ceellevant\/wp-json\/wp\/v2\/posts\/2501","targetHints":{"allow":["GET"]}}],"collection":[{"href":"https:\/\/agora.xtec.cat\/ceellevant\/wp-json\/wp\/v2\/posts"}],"about":[{"href":"https:\/\/agora.xtec.cat\/ceellevant\/wp-json\/wp\/v2\/types\/post"}],"author":[{"embeddable":true,"href":"https:\/\/agora.xtec.cat\/ceellevant\/wp-json\/wp\/v2\/users\/1"}],"replies":[{"embeddable":true,"href":"https:\/\/agora.xtec.cat\/ceellevant\/wp-json\/wp\/v2\/comments?post=2501"}],"version-history":[{"count":1,"href":"https:\/\/agora.xtec.cat\/ceellevant\/wp-json\/wp\/v2\/posts\/2501\/revisions"}],"predecessor-version":[{"id":2503,"href":"https:\/\/agora.xtec.cat\/ceellevant\/wp-json\/wp\/v2\/posts\/2501\/revisions\/2503"}],"wp:featuredmedia":[{"embeddable":true,"href":"https:\/\/agora.xtec.cat\/ceellevant\/wp-json\/wp\/v2\/media\/2502"}],"wp:attachment":[{"href":"https:\/\/agora.xtec.cat\/ceellevant\/wp-json\/wp\/v2\/media?parent=2501"}],"wp:term":[{"taxonomy":"category","embeddable":true,"href":"https:\/\/agora.xtec.cat\/ceellevant\/wp-json\/wp\/v2\/categories?post=2501"},{"taxonomy":"post_tag","embeddable":true,"href":"https:\/\/agora.xtec.cat\/ceellevant\/wp-json\/wp\/v2\/tags?post=2501"}],"curies":[{"name":"wp","href":"https:\/\/api.w.org\/{rel}","templated":true}]}}