{"id":2361,"date":"2019-05-05T16:17:23","date_gmt":"2019-05-05T14:17:23","guid":{"rendered":"http:\/\/agora.xtec.cat\/ceellevant\/?p=2361"},"modified":"2019-05-02T16:29:53","modified_gmt":"2019-05-02T14:29:53","slug":"visita-a-la-fabrica-cacaolat","status":"publish","type":"post","link":"https:\/\/agora.xtec.cat\/ceellevant\/general\/visita-a-la-fabrica-cacaolat\/","title":{"rendered":"VISITA A LA F\u00c0BRICA CACAOLAT"},"content":{"rendered":"<p><img loading=\"lazy\" decoding=\"async\" class=\"aligncenter wp-image-2360\" src=\"https:\/\/agora.xtec.cat\/ceellevant\/wp-content\/uploads\/usu999\/2019\/05\/el-grup-al-cacaolat-300x169.jpg\" alt=\"\" width=\"389\" height=\"219\" srcset=\"https:\/\/agora.xtec.cat\/ceellevant\/wp-content\/uploads\/usu999\/2019\/05\/el-grup-al-cacaolat-300x169.jpg 300w, https:\/\/agora.xtec.cat\/ceellevant\/wp-content\/uploads\/usu999\/2019\/05\/el-grup-al-cacaolat.jpg 448w\" sizes=\"auto, (max-width: 389px) 100vw, 389px\" \/><\/p>\n<p>El cicle mitj\u00e0 hem visitat la f\u00e0brica de Cacaolat. Ha estat una visita molt interessant. Ens van explicar la hist\u00f2ria de la f\u00e0brica i tot el proc\u00e9s d\u2019elaboraci\u00f3.<\/p>\n<p>Vam poder tocar el fruits del cacau i les llavors\u00a0 i per acabar ens van convidar a prendre un cacaolat.<\/p>\n<p>Finalment ens van obsequiar amb una motxilla amb una ampolla de cacaolat per prendre amb la fam\u00edlia.<\/p>\n<p>Cliqueu a l&#8217;enlla\u00e7 per veure totes les fotos<\/p>\n<p><a href=\"https:\/\/photos.app.goo.gl\/SF8rqqL1boVL9TL67\" target=\"_blank\" rel=\"noopener\">FOTOS VISITA F\u00c0BRICA CACAOLAT 2019. CICLE MITJ\u00c0<\/a><\/p>\n","protected":false},"excerpt":{"rendered":"<p>El cicle mitj\u00e0 hem visitat la f\u00e0brica de Cacaolat. Ha estat una visita molt interessant. Ens van explicar la hist\u00f2ria de la f\u00e0brica i tot el proc\u00e9s d\u2019elaboraci\u00f3.<br \/>\nVam poder tocar el fruits del cacau i les llavors\u00a0 i per acabar ens van convidar a prendre&hellip;  <a href=\"https:\/\/agora.xtec.cat\/ceellevant\/general\/visita-a-la-fabrica-cacaolat\/\" title=\"Read VISITA A LA F\u00c0BRICA CACAOLAT\">Llegeix m\u00e9s\u00bb<\/a><\/p>\n","protected":false},"author":1,"featured_media":0,"comment_status":"open","ping_status":"closed","sticky":false,"template":"","format":"standard","meta":{"_bbp_topic_count":0,"_bbp_reply_count":0,"_bbp_total_topic_count":0,"_bbp_total_reply_count":0,"_bbp_voice_count":0,"_bbp_anonymous_reply_count":0,"_bbp_topic_count_hidden":0,"_bbp_reply_count_hidden":0,"_bbp_forum_subforum_count":0,"footnotes":""},"categories":[47,1,4],"tags":[159,117,101],"class_list":["post-2361","post","type-post","status-publish","format-standard","hentry","category-cicle-mitja","category-general","category-portada","tag-cacaolat","tag-cicle-mitja","tag-sortides-i-excursions"],"post_mailing_queue_ids":[],"_links":{"self":[{"href":"https:\/\/agora.xtec.cat\/ceellevant\/wp-json\/wp\/v2\/posts\/2361","targetHints":{"allow":["GET"]}}],"collection":[{"href":"https:\/\/agora.xtec.cat\/ceellevant\/wp-json\/wp\/v2\/posts"}],"about":[{"href":"https:\/\/agora.xtec.cat\/ceellevant\/wp-json\/wp\/v2\/types\/post"}],"author":[{"embeddable":true,"href":"https:\/\/agora.xtec.cat\/ceellevant\/wp-json\/wp\/v2\/users\/1"}],"replies":[{"embeddable":true,"href":"https:\/\/agora.xtec.cat\/ceellevant\/wp-json\/wp\/v2\/comments?post=2361"}],"version-history":[{"count":3,"href":"https:\/\/agora.xtec.cat\/ceellevant\/wp-json\/wp\/v2\/posts\/2361\/revisions"}],"predecessor-version":[{"id":2364,"href":"https:\/\/agora.xtec.cat\/ceellevant\/wp-json\/wp\/v2\/posts\/2361\/revisions\/2364"}],"wp:attachment":[{"href":"https:\/\/agora.xtec.cat\/ceellevant\/wp-json\/wp\/v2\/media?parent=2361"}],"wp:term":[{"taxonomy":"category","embeddable":true,"href":"https:\/\/agora.xtec.cat\/ceellevant\/wp-json\/wp\/v2\/categories?post=2361"},{"taxonomy":"post_tag","embeddable":true,"href":"https:\/\/agora.xtec.cat\/ceellevant\/wp-json\/wp\/v2\/tags?post=2361"}],"curies":[{"name":"wp","href":"https:\/\/api.w.org\/{rel}","templated":true}]}}