{"id":2315,"date":"2019-03-22T13:24:08","date_gmt":"2019-03-22T12:24:08","guid":{"rendered":"http:\/\/agora.xtec.cat\/ceellevant\/?p=2315"},"modified":"2019-03-22T13:24:08","modified_gmt":"2019-03-22T12:24:08","slug":"diada-per-leducacio-publica-a-badalona","status":"publish","type":"post","link":"https:\/\/agora.xtec.cat\/ceellevant\/portada\/diada-per-leducacio-publica-a-badalona\/","title":{"rendered":"DIADA PER L&#8217;EDUCACI\u00d3 P\u00daBLICA A BADALONA"},"content":{"rendered":"<p>&nbsp;<\/p>\n<p><a href=\"https:\/\/agora.xtec.cat\/ceellevant\/wp-content\/uploads\/usu999\/2019\/03\/cartelldiadaensenyamentpc3bablic.jpg\"><img loading=\"lazy\" decoding=\"async\" class=\"aligncenter  wp-image-2314\" src=\"https:\/\/agora.xtec.cat\/ceellevant\/wp-content\/uploads\/usu999\/2019\/03\/cartelldiadaensenyamentpc3bablic-207x300.jpg\" alt=\"\" width=\"279\" height=\"404\" srcset=\"https:\/\/agora.xtec.cat\/ceellevant\/wp-content\/uploads\/usu999\/2019\/03\/cartelldiadaensenyamentpc3bablic-207x300.jpg 207w, https:\/\/agora.xtec.cat\/ceellevant\/wp-content\/uploads\/usu999\/2019\/03\/cartelldiadaensenyamentpc3bablic-768x1113.jpg 768w, https:\/\/agora.xtec.cat\/ceellevant\/wp-content\/uploads\/usu999\/2019\/03\/cartelldiadaensenyamentpc3bablic-706x1024.jpg 706w, https:\/\/agora.xtec.cat\/ceellevant\/wp-content\/uploads\/usu999\/2019\/03\/cartelldiadaensenyamentpc3bablic.jpg 1405w\" sizes=\"auto, (max-width: 279px) 100vw, 279px\" \/><\/a><\/p>\n<p>A Badalona, el proper dissabte 23 de mar\u00e7 de 2019\u00a0<a href=\"http:\/\/www.fampasbadalona.org\/\">celebrem la diada per l\u2019educaci\u00f3 p\u00fablica<\/a>. Ser\u00e0 un espai de trobada, festa i revindicaci\u00f3. Enguany ser\u00e0 diferent perqu\u00e8 gaudirem d\u2019una tarda completa al Parc de Montigal\u00e0, amb xocolatada, tallers, concert, actuacions de les escoles, per\u00f2, atenci\u00f3, de 4 a 8 de\u00a0la tarda.\u00a0Com en edicions anteriors es tracta d\u2019una jornada festiva i reivindicativa.<\/p>\n<p>Estar\u00e0 plena d\u2019activitats infantils pensades per les AMPA\u2019s i els\/les mestres de les escoles, activitats molt creatives i molt l\u00fadiques a un temps. Es tracta de reivindicar el paper i la perviv\u00e8ncia d\u2019una educaci\u00f3 p\u00fablica de qualitat, i per a tothom. Si us arribeu al parc de Montigal\u00e0, a Badalona, trobareu un entorn ben agradable, ple de diverses carpes de diferents escoles, on els nostres fills i filles, per\u00f2 tamb\u00e9 mares i pares han muntat tallers i activitats molt interessants. No faltaran tampoc grups d\u2019animaci\u00f3, de percusi\u00f3, gegants i dracs, feres i capgrossos de diferents centres de la ciutat, aix\u00ed com un cercavila molt animat. Ja ho sabeu.<\/p>\n<p>Per lluitar contra les retallades en educaci\u00f3, per passar una\u00a0tarda divertida, us esperem a tots i totes a al Parc de Montigal\u00e0, a la zona on hi ha Ikea o el Carrefour, per exemple, aquest diumenge, des de primera hora de la tarda, fins l\u2019hora de sopar.<\/p>\n","protected":false},"excerpt":{"rendered":"<p>&nbsp;<br \/>\n<a href=\"https:\/\/agora.xtec.cat\/ceellevant\/wp-content\/uploads\/usu999\/2019\/03\/cartelldiadaensenyamentpc3bablic.jpg\"><\/a><br \/>\nA Badalona, el proper dissabte 23 de mar\u00e7 de 2019\u00a0<a href=\"http:\/\/www.fampasbadalona.org\/\">celebrem la diada per l\u2019educaci\u00f3 p\u00fablica<\/a>. Ser\u00e0 un espai de trobada, festa i revindicaci\u00f3. Enguany ser\u00e0 diferent perqu\u00e8 gaudirem d\u2019una tarda completa al Parc de Montigal\u00e0, amb xocolatada, tallers, concert, actuacions de les escoles,&hellip;  <a href=\"https:\/\/agora.xtec.cat\/ceellevant\/portada\/diada-per-leducacio-publica-a-badalona\/\" title=\"Read DIADA PER L&#8217;EDUCACI\u00d3 P\u00daBLICA A BADALONA\">Llegeix m\u00e9s\u00bb<\/a><\/p>\n","protected":false},"author":1,"featured_media":2237,"comment_status":"open","ping_status":"closed","sticky":false,"template":"","format":"standard","meta":{"_bbp_topic_count":0,"_bbp_reply_count":0,"_bbp_total_topic_count":0,"_bbp_total_reply_count":0,"_bbp_voice_count":0,"_bbp_anonymous_reply_count":0,"_bbp_topic_count_hidden":0,"_bbp_reply_count_hidden":0,"_bbp_forum_subforum_count":0,"footnotes":""},"categories":[7,4],"tags":[87,40,157],"class_list":["post-2315","post","type-post","status-publish","format-standard","has-post-thumbnail","hentry","category-afa","category-portada","tag-activitats-ciutat","tag-ampa","tag-diada-educacio-publica"],"post_mailing_queue_ids":[],"_links":{"self":[{"href":"https:\/\/agora.xtec.cat\/ceellevant\/wp-json\/wp\/v2\/posts\/2315","targetHints":{"allow":["GET"]}}],"collection":[{"href":"https:\/\/agora.xtec.cat\/ceellevant\/wp-json\/wp\/v2\/posts"}],"about":[{"href":"https:\/\/agora.xtec.cat\/ceellevant\/wp-json\/wp\/v2\/types\/post"}],"author":[{"embeddable":true,"href":"https:\/\/agora.xtec.cat\/ceellevant\/wp-json\/wp\/v2\/users\/1"}],"replies":[{"embeddable":true,"href":"https:\/\/agora.xtec.cat\/ceellevant\/wp-json\/wp\/v2\/comments?post=2315"}],"version-history":[{"count":1,"href":"https:\/\/agora.xtec.cat\/ceellevant\/wp-json\/wp\/v2\/posts\/2315\/revisions"}],"predecessor-version":[{"id":2316,"href":"https:\/\/agora.xtec.cat\/ceellevant\/wp-json\/wp\/v2\/posts\/2315\/revisions\/2316"}],"wp:featuredmedia":[{"embeddable":true,"href":"https:\/\/agora.xtec.cat\/ceellevant\/wp-json\/wp\/v2\/media\/2237"}],"wp:attachment":[{"href":"https:\/\/agora.xtec.cat\/ceellevant\/wp-json\/wp\/v2\/media?parent=2315"}],"wp:term":[{"taxonomy":"category","embeddable":true,"href":"https:\/\/agora.xtec.cat\/ceellevant\/wp-json\/wp\/v2\/categories?post=2315"},{"taxonomy":"post_tag","embeddable":true,"href":"https:\/\/agora.xtec.cat\/ceellevant\/wp-json\/wp\/v2\/tags?post=2315"}],"curies":[{"name":"wp","href":"https:\/\/api.w.org\/{rel}","templated":true}]}}