{"id":2294,"date":"2019-03-21T16:04:42","date_gmt":"2019-03-21T15:04:42","guid":{"rendered":"http:\/\/agora.xtec.cat\/ceellevant\/?p=2294"},"modified":"2019-03-21T16:04:42","modified_gmt":"2019-03-21T15:04:42","slug":"els-peques-dinfantil-anem-dexcursio","status":"publish","type":"post","link":"https:\/\/agora.xtec.cat\/ceellevant\/portada\/els-peques-dinfantil-anem-dexcursio\/","title":{"rendered":"ELS PEQUES D&#8217;INFANTIL ANEM D&#8217;EXCURSI\u00d3"},"content":{"rendered":"<p><a href=\"https:\/\/agora.xtec.cat\/ceellevant\/wp-content\/uploads\/usu999\/2019\/03\/FOTO-PORTADA-WEB.jpg\"><img loading=\"lazy\" decoding=\"async\" class=\"aligncenter size-medium wp-image-2293\" src=\"https:\/\/agora.xtec.cat\/ceellevant\/wp-content\/uploads\/usu999\/2019\/03\/FOTO-PORTADA-WEB-225x300.jpg\" alt=\"\" width=\"225\" height=\"300\" srcset=\"https:\/\/agora.xtec.cat\/ceellevant\/wp-content\/uploads\/usu999\/2019\/03\/FOTO-PORTADA-WEB-225x300.jpg 225w, https:\/\/agora.xtec.cat\/ceellevant\/wp-content\/uploads\/usu999\/2019\/03\/FOTO-PORTADA-WEB.jpg 600w\" sizes=\"auto, (max-width: 225px) 100vw, 225px\" \/><\/a><\/p>\n<p>Els nens i nenes de l&#8217;etapa infantil, un any m\u00e9s, hem anat d&#8217;excursi\u00f3 a la granja de rucs de Tiana. \u00c9s una de les excursions que m\u00e9s ens agrada, ja que podem muntar en ruc, donar de menjar, pentinar-lo, veure gallines i \u00e0necs&#8230;. Ens ho passem genial corrent i jugant per la muntanya!<\/p>\n<p>Us deixem l&#8217;enlla\u00e7 d&#8217;aquesta granja per si voleu saber m\u00e9s sobre els Rucs de la Serralada.\u00a0<a href=\"http:\/\/rucs.cat\/\" target=\"_blank\" rel=\"noopener\">ELS RUCS DE LA SERRALADA<\/a><\/p>\n<p>Clicant al seg\u00fcent enlla\u00e7 podreu veure totes les fotos!<\/p>\n<p><a href=\"https:\/\/photos.app.goo.gl\/XqDYiMMdHK9qhr7q8\" target=\"_blank\" rel=\"noopener\">FOTOS DE L&#8217;EXCURSI\u00d3 ALS RUCS. CICLE INFANTIL.2019<\/a><\/p>\n","protected":false},"excerpt":{"rendered":"<p><a href=\"https:\/\/agora.xtec.cat\/ceellevant\/wp-content\/uploads\/usu999\/2019\/03\/FOTO-PORTADA-WEB.jpg\"><\/a><br \/>\nEls nens i nenes de l&#8217;etapa infantil, un any m\u00e9s, hem anat d&#8217;excursi\u00f3 a la granja de rucs de Tiana. \u00c9s una de les excursions que m\u00e9s ens agrada, ja que podem muntar en ruc, donar de menjar, pentinar-lo, veure gallines i \u00e0necs&#8230;. Ens&hellip;  <a href=\"https:\/\/agora.xtec.cat\/ceellevant\/portada\/els-peques-dinfantil-anem-dexcursio\/\" title=\"Read ELS PEQUES D&#8217;INFANTIL ANEM D&#8217;EXCURSI\u00d3\">Llegeix m\u00e9s\u00bb<\/a><\/p>\n","protected":false},"author":1,"featured_media":2237,"comment_status":"open","ping_status":"closed","sticky":false,"template":"","format":"standard","meta":{"_bbp_topic_count":0,"_bbp_reply_count":0,"_bbp_total_topic_count":0,"_bbp_total_reply_count":0,"_bbp_voice_count":0,"_bbp_anonymous_reply_count":0,"_bbp_topic_count_hidden":0,"_bbp_reply_count_hidden":0,"_bbp_forum_subforum_count":0,"footnotes":""},"categories":[54,4],"tags":[110,116,101],"class_list":["post-2294","post","type-post","status-publish","format-standard","has-post-thumbnail","hentry","category-infantil","category-portada","tag-etapa-infantil","tag-rucs-de-tiana","tag-sortides-i-excursions"],"post_mailing_queue_ids":[],"_links":{"self":[{"href":"https:\/\/agora.xtec.cat\/ceellevant\/wp-json\/wp\/v2\/posts\/2294","targetHints":{"allow":["GET"]}}],"collection":[{"href":"https:\/\/agora.xtec.cat\/ceellevant\/wp-json\/wp\/v2\/posts"}],"about":[{"href":"https:\/\/agora.xtec.cat\/ceellevant\/wp-json\/wp\/v2\/types\/post"}],"author":[{"embeddable":true,"href":"https:\/\/agora.xtec.cat\/ceellevant\/wp-json\/wp\/v2\/users\/1"}],"replies":[{"embeddable":true,"href":"https:\/\/agora.xtec.cat\/ceellevant\/wp-json\/wp\/v2\/comments?post=2294"}],"version-history":[{"count":1,"href":"https:\/\/agora.xtec.cat\/ceellevant\/wp-json\/wp\/v2\/posts\/2294\/revisions"}],"predecessor-version":[{"id":2295,"href":"https:\/\/agora.xtec.cat\/ceellevant\/wp-json\/wp\/v2\/posts\/2294\/revisions\/2295"}],"wp:featuredmedia":[{"embeddable":true,"href":"https:\/\/agora.xtec.cat\/ceellevant\/wp-json\/wp\/v2\/media\/2237"}],"wp:attachment":[{"href":"https:\/\/agora.xtec.cat\/ceellevant\/wp-json\/wp\/v2\/media?parent=2294"}],"wp:term":[{"taxonomy":"category","embeddable":true,"href":"https:\/\/agora.xtec.cat\/ceellevant\/wp-json\/wp\/v2\/categories?post=2294"},{"taxonomy":"post_tag","embeddable":true,"href":"https:\/\/agora.xtec.cat\/ceellevant\/wp-json\/wp\/v2\/tags?post=2294"}],"curies":[{"name":"wp","href":"https:\/\/api.w.org\/{rel}","templated":true}]}}