{"id":2290,"date":"2019-03-21T13:21:23","date_gmt":"2019-03-21T12:21:23","guid":{"rendered":"http:\/\/agora.xtec.cat\/ceellevant\/?p=2290"},"modified":"2019-03-21T13:21:23","modified_gmt":"2019-03-21T12:21:23","slug":"la-nostra-escola-2019","status":"publish","type":"post","link":"https:\/\/agora.xtec.cat\/ceellevant\/portada\/la-nostra-escola-2019\/","title":{"rendered":"LA NOSTRA ESCOLA 2019"},"content":{"rendered":"<p><span lang=\"ca-ES\">El grup 13 del Cicle Mitj\u00e0 de l\u2019escola participa en el projecte educatiu de Televisi\u00f3 de Badalona denominat \u201cLa Nostre Escola\u201d. En aquesta iniciativa, hi participen diferents escoles amb l\u2019objectiu que els alumnes descobreixin el m\u00f3n audiovisual a trav\u00e9s de l\u2019elaboraci\u00f3 d\u2019un reportatge. En aquest sentit, el grup 13 ha escollit la producci\u00f3 d\u2019un telenot\u00edcies durant el qual succeir\u00e0 una hist\u00f2ria de misteri. El v\u00eddeo final fet pels alumnes s\u2019emetr\u00e0 en la TV Badalona. <\/span><\/p>\n<p><span lang=\"ca-ES\">D\u2019altra banda, el dimecres 20 de febrer han vingut a visitar-nos dues representants de TV Badalona per tal de veure en qu\u00e8 punt ens trobem en la producci\u00f3 del v\u00eddeo. Aqu\u00ed podeu visualitzar el resultat d\u2019aquesta visita.<\/span><\/p>\n<p>&nbsp;<\/p>\n<p><iframe loading=\"lazy\" title=\"La Nostra Escola  Escola Llevant\" width=\"500\" height=\"281\" src=\"https:\/\/www.youtube.com\/embed\/4OtZwUdEG1M?feature=oembed\" frameborder=\"0\" allow=\"accelerometer; autoplay; clipboard-write; encrypted-media; gyroscope; picture-in-picture; web-share\" referrerpolicy=\"strict-origin-when-cross-origin\" allowfullscreen><\/iframe><\/p>\n","protected":false},"excerpt":{"rendered":"<p>El grup 13 del Cicle Mitj\u00e0 de l\u2019escola participa en el projecte educatiu de Televisi\u00f3 de Badalona denominat \u201cLa Nostre Escola\u201d. En aquesta iniciativa, hi participen diferents escoles amb l\u2019objectiu que els alumnes descobreixin el m\u00f3n audiovisual a trav\u00e9s de l\u2019elaboraci\u00f3 d\u2019un reportatge. En aquest&hellip;  <a href=\"https:\/\/agora.xtec.cat\/ceellevant\/portada\/la-nostra-escola-2019\/\" title=\"Read LA NOSTRA ESCOLA 2019\">Llegeix m\u00e9s\u00bb<\/a><\/p>\n","protected":false},"author":1,"featured_media":2291,"comment_status":"open","ping_status":"closed","sticky":false,"template":"","format":"standard","meta":{"_bbp_topic_count":0,"_bbp_reply_count":0,"_bbp_total_topic_count":0,"_bbp_total_reply_count":0,"_bbp_voice_count":0,"_bbp_anonymous_reply_count":0,"_bbp_topic_count_hidden":0,"_bbp_reply_count_hidden":0,"_bbp_forum_subforum_count":0,"footnotes":""},"categories":[47,4],"tags":[87,35,156,130],"class_list":["post-2290","post","type-post","status-publish","format-standard","has-post-thumbnail","hentry","category-cicle-mitja","category-portada","tag-activitats-ciutat","tag-activitats-culturals","tag-la-nostra-escola","tag-tvbadalona"],"post_mailing_queue_ids":[],"_links":{"self":[{"href":"https:\/\/agora.xtec.cat\/ceellevant\/wp-json\/wp\/v2\/posts\/2290","targetHints":{"allow":["GET"]}}],"collection":[{"href":"https:\/\/agora.xtec.cat\/ceellevant\/wp-json\/wp\/v2\/posts"}],"about":[{"href":"https:\/\/agora.xtec.cat\/ceellevant\/wp-json\/wp\/v2\/types\/post"}],"author":[{"embeddable":true,"href":"https:\/\/agora.xtec.cat\/ceellevant\/wp-json\/wp\/v2\/users\/1"}],"replies":[{"embeddable":true,"href":"https:\/\/agora.xtec.cat\/ceellevant\/wp-json\/wp\/v2\/comments?post=2290"}],"version-history":[{"count":1,"href":"https:\/\/agora.xtec.cat\/ceellevant\/wp-json\/wp\/v2\/posts\/2290\/revisions"}],"predecessor-version":[{"id":2292,"href":"https:\/\/agora.xtec.cat\/ceellevant\/wp-json\/wp\/v2\/posts\/2290\/revisions\/2292"}],"wp:featuredmedia":[{"embeddable":true,"href":"https:\/\/agora.xtec.cat\/ceellevant\/wp-json\/wp\/v2\/media\/2291"}],"wp:attachment":[{"href":"https:\/\/agora.xtec.cat\/ceellevant\/wp-json\/wp\/v2\/media?parent=2290"}],"wp:term":[{"taxonomy":"category","embeddable":true,"href":"https:\/\/agora.xtec.cat\/ceellevant\/wp-json\/wp\/v2\/categories?post=2290"},{"taxonomy":"post_tag","embeddable":true,"href":"https:\/\/agora.xtec.cat\/ceellevant\/wp-json\/wp\/v2\/tags?post=2290"}],"curies":[{"name":"wp","href":"https:\/\/api.w.org\/{rel}","templated":true}]}}