{"id":2249,"date":"2019-03-07T13:33:19","date_gmt":"2019-03-07T12:33:19","guid":{"rendered":"http:\/\/agora.xtec.cat\/ceellevant\/?p=2249"},"modified":"2019-03-07T13:33:19","modified_gmt":"2019-03-07T12:33:19","slug":"el-circ-arriba-a-lescola-llevant","status":"publish","type":"post","link":"https:\/\/agora.xtec.cat\/ceellevant\/portada\/el-circ-arriba-a-lescola-llevant\/","title":{"rendered":"EL CIRC ARRIBA A L\u2019ESCOLA LLEVANT"},"content":{"rendered":"<p><a href=\"https:\/\/agora.xtec.cat\/ceellevant\/wp-content\/uploads\/usu999\/2019\/02\/IMG_2672-1.jpg\"><img loading=\"lazy\" decoding=\"async\" class=\"aligncenter size-medium wp-image-2239\" src=\"https:\/\/agora.xtec.cat\/ceellevant\/wp-content\/uploads\/usu999\/2019\/02\/IMG_2672-1-300x225.jpg\" alt=\"\" width=\"300\" height=\"225\" srcset=\"https:\/\/agora.xtec.cat\/ceellevant\/wp-content\/uploads\/usu999\/2019\/02\/IMG_2672-1-300x225.jpg 300w, https:\/\/agora.xtec.cat\/ceellevant\/wp-content\/uploads\/usu999\/2019\/02\/IMG_2672-1-768x576.jpg 768w, https:\/\/agora.xtec.cat\/ceellevant\/wp-content\/uploads\/usu999\/2019\/02\/IMG_2672-1-200x150.jpg 200w, https:\/\/agora.xtec.cat\/ceellevant\/wp-content\/uploads\/usu999\/2019\/02\/IMG_2672-1.jpg 800w\" sizes=\"auto, (max-width: 300px) 100vw, 300px\" \/><\/a><\/p>\n<p>Aquest carnaval el Circ ha portat la seva m\u00e0gia a l\u2019escola!!! For\u00e7uts i for\u00e7udes, mims, pallassos i pallasses, acrobates i l\u2019orquestra han desfilat pel gimn\u00e0s sota l\u2019atenta mirada d\u2019un p\u00fablic molt exigent!<\/p>\n<p>Vem menjar crispetes, vem ballar amb m\u00fasica alegre i ens vem divertir molt. El p\u00fablic s\u2019ho ha passat d\u2019all\u00f2 m\u00e9s b\u00e9, ha estat tot un \u00e8xit!!<\/p>\n<p>Clicant al seg\u00fcent enlla\u00e7 podeu veure les fotograf\u00edes.<\/p>\n<p><a href=\"https:\/\/photos.app.goo.gl\/sPEWF2DDJZzUbVWg7\" target=\"_blank\" rel=\"noopener\">FOTOS CARNAVAL 2019<\/a><\/p>\n<p>&nbsp;<\/p>\n","protected":false},"excerpt":{"rendered":"<p><a href=\"https:\/\/agora.xtec.cat\/ceellevant\/wp-content\/uploads\/usu999\/2019\/02\/IMG_2672-1.jpg\"><\/a><br \/>\nAquest carnaval el Circ ha portat la seva m\u00e0gia a l\u2019escola!!! For\u00e7uts i for\u00e7udes, mims, pallassos i pallasses, acrobates i l\u2019orquestra han desfilat pel gimn\u00e0s sota l\u2019atenta mirada d\u2019un p\u00fablic molt exigent!<br \/>\nVem menjar crispetes, vem ballar amb m\u00fasica alegre i ens vem divertir molt.&hellip;  <a href=\"https:\/\/agora.xtec.cat\/ceellevant\/portada\/el-circ-arriba-a-lescola-llevant\/\" title=\"Read EL CIRC ARRIBA A L\u2019ESCOLA LLEVANT\">Llegeix m\u00e9s\u00bb<\/a><\/p>\n","protected":false},"author":1,"featured_media":2237,"comment_status":"open","ping_status":"closed","sticky":false,"template":"","format":"standard","meta":{"_bbp_topic_count":0,"_bbp_reply_count":0,"_bbp_total_topic_count":0,"_bbp_total_reply_count":0,"_bbp_voice_count":0,"_bbp_anonymous_reply_count":0,"_bbp_topic_count_hidden":0,"_bbp_reply_count_hidden":0,"_bbp_forum_subforum_count":0,"footnotes":""},"categories":[4],"tags":[125],"class_list":["post-2249","post","type-post","status-publish","format-standard","has-post-thumbnail","hentry","category-portada","tag-carnaval"],"post_mailing_queue_ids":[],"_links":{"self":[{"href":"https:\/\/agora.xtec.cat\/ceellevant\/wp-json\/wp\/v2\/posts\/2249","targetHints":{"allow":["GET"]}}],"collection":[{"href":"https:\/\/agora.xtec.cat\/ceellevant\/wp-json\/wp\/v2\/posts"}],"about":[{"href":"https:\/\/agora.xtec.cat\/ceellevant\/wp-json\/wp\/v2\/types\/post"}],"author":[{"embeddable":true,"href":"https:\/\/agora.xtec.cat\/ceellevant\/wp-json\/wp\/v2\/users\/1"}],"replies":[{"embeddable":true,"href":"https:\/\/agora.xtec.cat\/ceellevant\/wp-json\/wp\/v2\/comments?post=2249"}],"version-history":[{"count":1,"href":"https:\/\/agora.xtec.cat\/ceellevant\/wp-json\/wp\/v2\/posts\/2249\/revisions"}],"predecessor-version":[{"id":2250,"href":"https:\/\/agora.xtec.cat\/ceellevant\/wp-json\/wp\/v2\/posts\/2249\/revisions\/2250"}],"wp:featuredmedia":[{"embeddable":true,"href":"https:\/\/agora.xtec.cat\/ceellevant\/wp-json\/wp\/v2\/media\/2237"}],"wp:attachment":[{"href":"https:\/\/agora.xtec.cat\/ceellevant\/wp-json\/wp\/v2\/media?parent=2249"}],"wp:term":[{"taxonomy":"category","embeddable":true,"href":"https:\/\/agora.xtec.cat\/ceellevant\/wp-json\/wp\/v2\/categories?post=2249"},{"taxonomy":"post_tag","embeddable":true,"href":"https:\/\/agora.xtec.cat\/ceellevant\/wp-json\/wp\/v2\/tags?post=2249"}],"curies":[{"name":"wp","href":"https:\/\/api.w.org\/{rel}","templated":true}]}}