{"id":2214,"date":"2019-02-14T13:11:54","date_gmt":"2019-02-14T12:11:54","guid":{"rendered":"http:\/\/agora.xtec.cat\/ceellevant\/?p=2214"},"modified":"2019-02-14T13:11:54","modified_gmt":"2019-02-14T12:11:54","slug":"grafisme-i-art-amb-els-mes-petits","status":"publish","type":"post","link":"https:\/\/agora.xtec.cat\/ceellevant\/portada\/grafisme-i-art-amb-els-mes-petits\/","title":{"rendered":"GRAFISME I ART AMB ELS M\u00c9S PETITS"},"content":{"rendered":"<p>Els alumnes i les alumnes d\u2019infantil, som tots uns artistes. Hem treballat diferents tipus de grafisme, amb l\u2019ajuda de famoses obres d\u2019art. Amb Piet Mondrian , v\u00e0rem fer l\u00ednies verticals i horitzontals , despr\u00e9s els quadrats i rectangles que sortien, els v\u00e0rem pintar de colors.<\/p>\n<p>Amb Vasili Kandinski, v\u00e0rem treballar cercles. Els pint\u00e0vem conc\u00e8ntrics i de molts colors. I amb Sol Lewitt, treballarem les l\u00ednies horitzontals , verticals, i les diagonals.<\/p>\n<p>Ens agrada molt reproduir obres de pintors, estem molt atents i ens esforcem molt. I ens ho passem d\u2019all\u00f2 m\u00e9s b\u00e9.<\/p>\n<p>Clicant a la imatge de l&#8217;Ian podeu veure la resta de fotos!!!!<\/p>\n<p><a href=\"https:\/\/photos.app.goo.gl\/obRzBRJ5qM4itHyL7\"><br \/>\n<img loading=\"lazy\" decoding=\"async\" class=\"aligncenter wp-image-2213 size-medium\" src=\"https:\/\/agora.xtec.cat\/ceellevant\/wp-content\/uploads\/usu999\/2019\/02\/LIAN-PINTA-225x300.jpeg\" alt=\"\" width=\"225\" height=\"300\" srcset=\"https:\/\/agora.xtec.cat\/ceellevant\/wp-content\/uploads\/usu999\/2019\/02\/LIAN-PINTA-225x300.jpeg 225w, https:\/\/agora.xtec.cat\/ceellevant\/wp-content\/uploads\/usu999\/2019\/02\/LIAN-PINTA.jpeg 336w\" sizes=\"auto, (max-width: 225px) 100vw, 225px\" \/><\/a><\/p>\n","protected":false},"excerpt":{"rendered":"<p>Els alumnes i les alumnes d\u2019infantil, som tots uns artistes. Hem treballat diferents tipus de grafisme, amb l\u2019ajuda de famoses obres d\u2019art. Amb Piet Mondrian , v\u00e0rem fer l\u00ednies verticals i horitzontals , despr\u00e9s els quadrats i rectangles que sortien, els v\u00e0rem pintar de colors.<br \/>\nAmb&hellip;  <a href=\"https:\/\/agora.xtec.cat\/ceellevant\/portada\/grafisme-i-art-amb-els-mes-petits\/\" title=\"Read GRAFISME I ART AMB ELS M\u00c9S PETITS\">Llegeix m\u00e9s\u00bb<\/a><\/p>\n","protected":false},"author":1,"featured_media":1275,"comment_status":"open","ping_status":"closed","sticky":false,"template":"","format":"standard","meta":{"_bbp_topic_count":0,"_bbp_reply_count":0,"_bbp_total_topic_count":0,"_bbp_total_reply_count":0,"_bbp_voice_count":0,"_bbp_anonymous_reply_count":0,"_bbp_topic_count_hidden":0,"_bbp_reply_count_hidden":0,"_bbp_forum_subforum_count":0,"footnotes":""},"categories":[54,4],"tags":[42,110],"class_list":["post-2214","post","type-post","status-publish","format-standard","has-post-thumbnail","hentry","category-infantil","category-portada","tag-activitats-pedagogiques","tag-etapa-infantil"],"post_mailing_queue_ids":[],"_links":{"self":[{"href":"https:\/\/agora.xtec.cat\/ceellevant\/wp-json\/wp\/v2\/posts\/2214","targetHints":{"allow":["GET"]}}],"collection":[{"href":"https:\/\/agora.xtec.cat\/ceellevant\/wp-json\/wp\/v2\/posts"}],"about":[{"href":"https:\/\/agora.xtec.cat\/ceellevant\/wp-json\/wp\/v2\/types\/post"}],"author":[{"embeddable":true,"href":"https:\/\/agora.xtec.cat\/ceellevant\/wp-json\/wp\/v2\/users\/1"}],"replies":[{"embeddable":true,"href":"https:\/\/agora.xtec.cat\/ceellevant\/wp-json\/wp\/v2\/comments?post=2214"}],"version-history":[{"count":1,"href":"https:\/\/agora.xtec.cat\/ceellevant\/wp-json\/wp\/v2\/posts\/2214\/revisions"}],"predecessor-version":[{"id":2215,"href":"https:\/\/agora.xtec.cat\/ceellevant\/wp-json\/wp\/v2\/posts\/2214\/revisions\/2215"}],"wp:featuredmedia":[{"embeddable":true,"href":"https:\/\/agora.xtec.cat\/ceellevant\/wp-json\/wp\/v2\/media\/1275"}],"wp:attachment":[{"href":"https:\/\/agora.xtec.cat\/ceellevant\/wp-json\/wp\/v2\/media?parent=2214"}],"wp:term":[{"taxonomy":"category","embeddable":true,"href":"https:\/\/agora.xtec.cat\/ceellevant\/wp-json\/wp\/v2\/categories?post=2214"},{"taxonomy":"post_tag","embeddable":true,"href":"https:\/\/agora.xtec.cat\/ceellevant\/wp-json\/wp\/v2\/tags?post=2214"}],"curies":[{"name":"wp","href":"https:\/\/api.w.org\/{rel}","templated":true}]}}