{"id":2205,"date":"2019-01-29T20:08:14","date_gmt":"2019-01-29T19:08:14","guid":{"rendered":"http:\/\/agora.xtec.cat\/ceellevant\/?p=2205"},"modified":"2019-02-07T13:31:06","modified_gmt":"2019-02-07T12:31:06","slug":"el-bolg-de-bj-adaptaciones","status":"publish","type":"post","link":"https:\/\/agora.xtec.cat\/ceellevant\/general\/el-bolg-de-bj-adaptaciones\/","title":{"rendered":"EL BLOG DE BJ ADAPTACIONES"},"content":{"rendered":"<p style=\"text-align: center;\">Bj Adaptaciones esdev\u00e9 una empresa de refer\u00e8ncia per la nostra escola i ning\u00fa millor que ells mateixos per descriu-re&#8217;s:<\/p>\n<p style=\"text-align: center;\"><em>En BJ Adaptaciones trabajamos para contribuir a la mejora de la calidad de vida de las personas con discapacidad a trav\u00e9s de <strong>productos de fabricaci\u00f3n propia, distribuciones o soluciones personalizadas<\/strong>.<\/em><\/p>\n<p style=\"text-align: center;\"><em>Desde nuestra fundaci\u00f3n somos pioneros en <strong>mejorar la autonom\u00eda personal de personas con discapacidad, sus posibilidades de comunicaci\u00f3n y su acceso al trabajo y al entretenimiento<\/strong>.<\/em><\/p>\n<p style=\"text-align: center;\"><em>Adem\u00e1s queremos ser un verdadero punto de apoyo para todos los usuarios, profesionales y familias. Porque nuestra misi\u00f3n es acercar <strong>productos, servicios y tecnolog\u00eda que mejoren la calidad de vida<\/strong>de cualquier persona con discapacidad.<\/em><\/p>\n<p style=\"text-align: center;\">Us volem compartir el seu blog en el que trobareu un munt de recursos, solucions adaptades, idees, materials&#8230;.<\/p>\n<p style=\"text-align: center;\">Clicant a l&#8217;enlla\u00e7 poder accedir al blog!<\/p>\n<p><a href=\"https:\/\/blog.bjadaptaciones.com\/?mc_cid=82e43ce1d4&amp;mc_eid=900f3cbf50\"><img loading=\"lazy\" decoding=\"async\" class=\"aligncenter wp-image-2206 size-medium\" src=\"https:\/\/agora.xtec.cat\/ceellevant\/wp-content\/uploads\/usu999\/2019\/01\/bj_adataciones-300x100.png\" alt=\"\" width=\"300\" height=\"100\" srcset=\"https:\/\/agora.xtec.cat\/ceellevant\/wp-content\/uploads\/usu999\/2019\/01\/bj_adataciones-300x100.png 300w, https:\/\/agora.xtec.cat\/ceellevant\/wp-content\/uploads\/usu999\/2019\/01\/bj_adataciones.png 600w\" sizes=\"auto, (max-width: 300px) 100vw, 300px\" \/><\/a><\/p>\n<p style=\"text-align: center;\">Esperem que us agradi i ens comenteu les vostres impressions, sugger\u00e8ncies, propostes per els nostres alumnes&#8230; i all\u00f2 que vulgueu!<\/p>\n","protected":false},"excerpt":{"rendered":"<p>Bj Adaptaciones esdev\u00e9 una empresa de refer\u00e8ncia per la nostra escola i ning\u00fa millor que ells mateixos per descriu-re&#8217;s:<br \/>\nEn BJ Adaptaciones trabajamos para contribuir a la mejora de la calidad de vida de las personas con discapacidad a trav\u00e9s de productos de fabricaci\u00f3n propia, distribuciones&hellip;  <a href=\"https:\/\/agora.xtec.cat\/ceellevant\/general\/el-bolg-de-bj-adaptaciones\/\" title=\"Read EL BLOG DE BJ ADAPTACIONES\">Llegeix m\u00e9s\u00bb<\/a><\/p>\n","protected":false},"author":1,"featured_media":1275,"comment_status":"open","ping_status":"closed","sticky":false,"template":"","format":"standard","meta":{"_bbp_topic_count":0,"_bbp_reply_count":0,"_bbp_total_topic_count":0,"_bbp_total_reply_count":0,"_bbp_voice_count":0,"_bbp_anonymous_reply_count":0,"_bbp_topic_count_hidden":0,"_bbp_reply_count_hidden":0,"_bbp_forum_subforum_count":0,"footnotes":""},"categories":[1,4,38],"tags":[153,49,154],"class_list":["post-2205","post","type-post","status-publish","format-standard","has-post-thumbnail","hentry","category-general","category-portada","category-serveis-digitals","tag-bjadaptaciones","tag-inclusio-digital","tag-serveisdigitals"],"post_mailing_queue_ids":[],"_links":{"self":[{"href":"https:\/\/agora.xtec.cat\/ceellevant\/wp-json\/wp\/v2\/posts\/2205","targetHints":{"allow":["GET"]}}],"collection":[{"href":"https:\/\/agora.xtec.cat\/ceellevant\/wp-json\/wp\/v2\/posts"}],"about":[{"href":"https:\/\/agora.xtec.cat\/ceellevant\/wp-json\/wp\/v2\/types\/post"}],"author":[{"embeddable":true,"href":"https:\/\/agora.xtec.cat\/ceellevant\/wp-json\/wp\/v2\/users\/1"}],"replies":[{"embeddable":true,"href":"https:\/\/agora.xtec.cat\/ceellevant\/wp-json\/wp\/v2\/comments?post=2205"}],"version-history":[{"count":3,"href":"https:\/\/agora.xtec.cat\/ceellevant\/wp-json\/wp\/v2\/posts\/2205\/revisions"}],"predecessor-version":[{"id":2212,"href":"https:\/\/agora.xtec.cat\/ceellevant\/wp-json\/wp\/v2\/posts\/2205\/revisions\/2212"}],"wp:featuredmedia":[{"embeddable":true,"href":"https:\/\/agora.xtec.cat\/ceellevant\/wp-json\/wp\/v2\/media\/1275"}],"wp:attachment":[{"href":"https:\/\/agora.xtec.cat\/ceellevant\/wp-json\/wp\/v2\/media?parent=2205"}],"wp:term":[{"taxonomy":"category","embeddable":true,"href":"https:\/\/agora.xtec.cat\/ceellevant\/wp-json\/wp\/v2\/categories?post=2205"},{"taxonomy":"post_tag","embeddable":true,"href":"https:\/\/agora.xtec.cat\/ceellevant\/wp-json\/wp\/v2\/tags?post=2205"}],"curies":[{"name":"wp","href":"https:\/\/api.w.org\/{rel}","templated":true}]}}