{"id":2146,"date":"2018-12-14T18:03:42","date_gmt":"2018-12-14T17:03:42","guid":{"rendered":"http:\/\/agora.xtec.cat\/ceellevant\/?p=2146"},"modified":"2018-12-11T18:06:33","modified_gmt":"2018-12-11T17:06:33","slug":"els-mossos-desquadra-visiten-lescola","status":"publish","type":"post","link":"https:\/\/agora.xtec.cat\/ceellevant\/portada\/els-mossos-desquadra-visiten-lescola\/","title":{"rendered":"Els Mossos d&#8217;Esquadra visiten l&#8217;Escola"},"content":{"rendered":"<p><span style=\"font-weight: 400;\">El passat 28 de novembre els alumnes de cicle mitj\u00e0 van participar en l\u2019activitat presentada i portada pels Mossos d\u2019Esquadra amb motiu de la celebraci\u00f3 del Dia Internacional del Discapacitat.<\/span><\/p>\n<p><span style=\"font-weight: 400;\">L\u2019objectiu \u00e9s familiaritzar els infants amb el cos de Mossos per entendre que, entre altres funcions tenen \u00a0la d\u2019ajudar la ciutadania.<\/span><\/p>\n<p><span style=\"font-weight: 400;\">L\u2019activitat ha estat l\u00fadica i el v\u00eddeo que us presentem \u00e9s una mostra.<\/span><\/p>\n<p><iframe loading=\"lazy\" title=\"Els Mossos D&#039;Esquadra a l&#039;Escola Llevant\" width=\"500\" height=\"375\" src=\"https:\/\/www.youtube.com\/embed\/zBrL2yPJ3k4?feature=oembed\" frameborder=\"0\" allow=\"accelerometer; autoplay; clipboard-write; encrypted-media; gyroscope; picture-in-picture; web-share\" referrerpolicy=\"strict-origin-when-cross-origin\" allowfullscreen><\/iframe><\/p>\n","protected":false},"excerpt":{"rendered":"<p>El passat 28 de novembre els alumnes de cicle mitj\u00e0 van participar en l\u2019activitat presentada i portada pels Mossos d\u2019Esquadra amb motiu de la celebraci\u00f3 del Dia Internacional del Discapacitat.<br \/>\nL\u2019objectiu \u00e9s familiaritzar els infants amb el cos de Mossos per entendre que, entre altres funcions&hellip;  <a href=\"https:\/\/agora.xtec.cat\/ceellevant\/portada\/els-mossos-desquadra-visiten-lescola\/\" title=\"Read Els Mossos d&#8217;Esquadra visiten l&#8217;Escola\">Llegeix m\u00e9s\u00bb<\/a><\/p>\n","protected":false},"author":1,"featured_media":0,"comment_status":"open","ping_status":"closed","sticky":false,"template":"","format":"standard","meta":{"_bbp_topic_count":0,"_bbp_reply_count":0,"_bbp_total_topic_count":0,"_bbp_total_reply_count":0,"_bbp_voice_count":0,"_bbp_anonymous_reply_count":0,"_bbp_topic_count_hidden":0,"_bbp_reply_count_hidden":0,"_bbp_forum_subforum_count":0,"footnotes":""},"categories":[47,4],"tags":[87,117],"class_list":["post-2146","post","type-post","status-publish","format-standard","hentry","category-cicle-mitja","category-portada","tag-activitats-ciutat","tag-cicle-mitja"],"post_mailing_queue_ids":[],"_links":{"self":[{"href":"https:\/\/agora.xtec.cat\/ceellevant\/wp-json\/wp\/v2\/posts\/2146","targetHints":{"allow":["GET"]}}],"collection":[{"href":"https:\/\/agora.xtec.cat\/ceellevant\/wp-json\/wp\/v2\/posts"}],"about":[{"href":"https:\/\/agora.xtec.cat\/ceellevant\/wp-json\/wp\/v2\/types\/post"}],"author":[{"embeddable":true,"href":"https:\/\/agora.xtec.cat\/ceellevant\/wp-json\/wp\/v2\/users\/1"}],"replies":[{"embeddable":true,"href":"https:\/\/agora.xtec.cat\/ceellevant\/wp-json\/wp\/v2\/comments?post=2146"}],"version-history":[{"count":1,"href":"https:\/\/agora.xtec.cat\/ceellevant\/wp-json\/wp\/v2\/posts\/2146\/revisions"}],"predecessor-version":[{"id":2147,"href":"https:\/\/agora.xtec.cat\/ceellevant\/wp-json\/wp\/v2\/posts\/2146\/revisions\/2147"}],"wp:attachment":[{"href":"https:\/\/agora.xtec.cat\/ceellevant\/wp-json\/wp\/v2\/media?parent=2146"}],"wp:term":[{"taxonomy":"category","embeddable":true,"href":"https:\/\/agora.xtec.cat\/ceellevant\/wp-json\/wp\/v2\/categories?post=2146"},{"taxonomy":"post_tag","embeddable":true,"href":"https:\/\/agora.xtec.cat\/ceellevant\/wp-json\/wp\/v2\/tags?post=2146"}],"curies":[{"name":"wp","href":"https:\/\/api.w.org\/{rel}","templated":true}]}}