{"id":2105,"date":"2018-11-28T14:54:55","date_gmt":"2018-11-28T13:54:55","guid":{"rendered":"http:\/\/agora.xtec.cat\/ceellevant\/?p=2105"},"modified":"2018-11-28T14:55:22","modified_gmt":"2018-11-28T13:55:22","slug":"la-xarxa-de-centres-deducacio-especial-municipals-visita-lescola-llevant","status":"publish","type":"post","link":"https:\/\/agora.xtec.cat\/ceellevant\/general\/la-xarxa-de-centres-deducacio-especial-municipals-visita-lescola-llevant\/","title":{"rendered":"La Xarxa de Centres d&#8217;Educaci\u00f3 Especial Municipals visita l&#8217;escola LLevant"},"content":{"rendered":"<p>El dimecres 21 de novembre ens van visitar els directors de les Escoles d&#8217;Educaci\u00f3 Especial que formen part de la Xarxa.<\/p>\n<p style=\"text-align: center;\">Visitar la nostra escola els va agradar molt !!<\/p>\n<p>A l&#8217;enlla\u00e7 de continuaci\u00f3 podreu llegir l&#8217;article que ha aparegut al Diari de l&#8217;Educaci\u00f3, on s&#8217;explica amb detall quina funci\u00f3 t\u00e9 la Xarxa i en qu\u00e8 va consistir la visita.<\/p>\n<p>http:\/\/diarieducacio.cat\/organitzacio-complexa-aprenentatges-hiperpersonalitzats-jornada-xarxa-centres-especials\/<\/p>\n<p>&nbsp;<\/p>\n<p><img loading=\"lazy\" decoding=\"async\" class=\"aligncenter\" src=\"http:\/\/diarieducacio.cat\/wp-content\/uploads\/2018\/11\/Fem-m%C3%BAsica.jpg\" width=\"304\" height=\"215\" \/><\/p>\n","protected":false},"excerpt":{"rendered":"<p>El dimecres 21 de novembre ens van visitar els directors de les Escoles d&#8217;Educaci\u00f3 Especial que formen part de la Xarxa.<br \/>\nVisitar la nostra escola els va agradar molt !!<br \/>\nA l&#8217;enlla\u00e7 de continuaci\u00f3 podreu llegir l&#8217;article que ha aparegut al Diari de l&#8217;Educaci\u00f3, on s&#8217;explica amb&hellip;  <a href=\"https:\/\/agora.xtec.cat\/ceellevant\/general\/la-xarxa-de-centres-deducacio-especial-municipals-visita-lescola-llevant\/\" title=\"Read La Xarxa de Centres d&#8217;Educaci\u00f3 Especial Municipals visita l&#8217;escola LLevant\">Llegeix m\u00e9s\u00bb<\/a><\/p>\n","protected":false},"author":1,"featured_media":2113,"comment_status":"open","ping_status":"closed","sticky":false,"template":"","format":"standard","meta":{"_bbp_topic_count":0,"_bbp_reply_count":0,"_bbp_total_topic_count":0,"_bbp_total_reply_count":0,"_bbp_voice_count":0,"_bbp_anonymous_reply_count":0,"_bbp_topic_count_hidden":0,"_bbp_reply_count_hidden":0,"_bbp_forum_subforum_count":0,"footnotes":""},"categories":[1,4],"tags":[145,108],"class_list":["post-2105","post","type-post","status-publish","format-standard","has-post-thumbnail","hentry","category-general","category-portada","tag-activitats-de-ciutat","tag-sompresents"],"post_mailing_queue_ids":[],"_links":{"self":[{"href":"https:\/\/agora.xtec.cat\/ceellevant\/wp-json\/wp\/v2\/posts\/2105","targetHints":{"allow":["GET"]}}],"collection":[{"href":"https:\/\/agora.xtec.cat\/ceellevant\/wp-json\/wp\/v2\/posts"}],"about":[{"href":"https:\/\/agora.xtec.cat\/ceellevant\/wp-json\/wp\/v2\/types\/post"}],"author":[{"embeddable":true,"href":"https:\/\/agora.xtec.cat\/ceellevant\/wp-json\/wp\/v2\/users\/1"}],"replies":[{"embeddable":true,"href":"https:\/\/agora.xtec.cat\/ceellevant\/wp-json\/wp\/v2\/comments?post=2105"}],"version-history":[{"count":3,"href":"https:\/\/agora.xtec.cat\/ceellevant\/wp-json\/wp\/v2\/posts\/2105\/revisions"}],"predecessor-version":[{"id":2112,"href":"https:\/\/agora.xtec.cat\/ceellevant\/wp-json\/wp\/v2\/posts\/2105\/revisions\/2112"}],"wp:featuredmedia":[{"embeddable":true,"href":"https:\/\/agora.xtec.cat\/ceellevant\/wp-json\/wp\/v2\/media\/2113"}],"wp:attachment":[{"href":"https:\/\/agora.xtec.cat\/ceellevant\/wp-json\/wp\/v2\/media?parent=2105"}],"wp:term":[{"taxonomy":"category","embeddable":true,"href":"https:\/\/agora.xtec.cat\/ceellevant\/wp-json\/wp\/v2\/categories?post=2105"},{"taxonomy":"post_tag","embeddable":true,"href":"https:\/\/agora.xtec.cat\/ceellevant\/wp-json\/wp\/v2\/tags?post=2105"}],"curies":[{"name":"wp","href":"https:\/\/api.w.org\/{rel}","templated":true}]}}