{"id":2088,"date":"2018-11-23T15:09:42","date_gmt":"2018-11-23T14:09:42","guid":{"rendered":"http:\/\/agora.xtec.cat\/ceellevant\/?p=2088"},"modified":"2018-11-23T15:20:24","modified_gmt":"2018-11-23T14:20:24","slug":"telenoticies-llevant-la-nostra-escola","status":"publish","type":"post","link":"https:\/\/agora.xtec.cat\/ceellevant\/general\/telenoticies-llevant-la-nostra-escola\/","title":{"rendered":"TELENOT\u00cdCIES LLEVANT. LA NOSTRA ESCOLA"},"content":{"rendered":"<p>El curs passat els alumnes de Cicle Superior vam participar al projecte &#8220;La nostra escola&#8221; de la televisi\u00f3 de Badalona. Vem fer un telenoticies explicant esdeveniments importants que passaven a l&#8217;escola i a m\u00e9s a m\u00e9s hi ha tres entrevistes molt interessants. No us les perdeu!!<\/p>\n<p><a href=\"http:\/\/bdncom.alacarta.cat\/la-nostra-escola\/capitol\/20-doctubre-de-2018lanostraescolacap4\" target=\"_blank\" rel=\"noopener\">Cap\u00edtol 4. La nostra escola. TVBadalona<\/a><\/p>\n<p><iframe loading=\"lazy\" title=\"Telenoticies Escola Llevant Badalona\" width=\"500\" height=\"281\" src=\"https:\/\/www.youtube.com\/embed\/sNWO1OSfEbs?feature=oembed\" frameborder=\"0\" allow=\"accelerometer; autoplay; clipboard-write; encrypted-media; gyroscope; picture-in-picture; web-share\" referrerpolicy=\"strict-origin-when-cross-origin\" allowfullscreen><\/iframe><\/p>\n","protected":false},"excerpt":{"rendered":"<p>El curs passat els alumnes de Cicle Superior vam participar al projecte &#8220;La nostra escola&#8221; de la televisi\u00f3 de Badalona. Vem fer un telenoticies explicant esdeveniments importants que passaven a l&#8217;escola i a m\u00e9s a m\u00e9s hi ha tres entrevistes molt interessants. No us les&hellip;  <a href=\"https:\/\/agora.xtec.cat\/ceellevant\/general\/telenoticies-llevant-la-nostra-escola\/\" title=\"Read TELENOT\u00cdCIES LLEVANT. LA NOSTRA ESCOLA\">Llegeix m\u00e9s\u00bb<\/a><\/p>\n","protected":false},"author":1,"featured_media":2102,"comment_status":"open","ping_status":"closed","sticky":false,"template":"","format":"standard","meta":{"_bbp_topic_count":0,"_bbp_reply_count":0,"_bbp_total_topic_count":0,"_bbp_total_reply_count":0,"_bbp_voice_count":0,"_bbp_anonymous_reply_count":0,"_bbp_topic_count_hidden":0,"_bbp_reply_count_hidden":0,"_bbp_forum_subforum_count":0,"footnotes":""},"categories":[41,1,4],"tags":[87,35,42,144,45],"class_list":["post-2088","post","type-post","status-publish","format-standard","has-post-thumbnail","hentry","category-cicle-superior","category-general","category-portada","tag-activitats-ciutat","tag-activitats-culturals","tag-activitats-pedagogiques","tag-bdncomunicacio","tag-cicle-superior"],"post_mailing_queue_ids":[],"_links":{"self":[{"href":"https:\/\/agora.xtec.cat\/ceellevant\/wp-json\/wp\/v2\/posts\/2088","targetHints":{"allow":["GET"]}}],"collection":[{"href":"https:\/\/agora.xtec.cat\/ceellevant\/wp-json\/wp\/v2\/posts"}],"about":[{"href":"https:\/\/agora.xtec.cat\/ceellevant\/wp-json\/wp\/v2\/types\/post"}],"author":[{"embeddable":true,"href":"https:\/\/agora.xtec.cat\/ceellevant\/wp-json\/wp\/v2\/users\/1"}],"replies":[{"embeddable":true,"href":"https:\/\/agora.xtec.cat\/ceellevant\/wp-json\/wp\/v2\/comments?post=2088"}],"version-history":[{"count":2,"href":"https:\/\/agora.xtec.cat\/ceellevant\/wp-json\/wp\/v2\/posts\/2088\/revisions"}],"predecessor-version":[{"id":2101,"href":"https:\/\/agora.xtec.cat\/ceellevant\/wp-json\/wp\/v2\/posts\/2088\/revisions\/2101"}],"wp:featuredmedia":[{"embeddable":true,"href":"https:\/\/agora.xtec.cat\/ceellevant\/wp-json\/wp\/v2\/media\/2102"}],"wp:attachment":[{"href":"https:\/\/agora.xtec.cat\/ceellevant\/wp-json\/wp\/v2\/media?parent=2088"}],"wp:term":[{"taxonomy":"category","embeddable":true,"href":"https:\/\/agora.xtec.cat\/ceellevant\/wp-json\/wp\/v2\/categories?post=2088"},{"taxonomy":"post_tag","embeddable":true,"href":"https:\/\/agora.xtec.cat\/ceellevant\/wp-json\/wp\/v2\/tags?post=2088"}],"curies":[{"name":"wp","href":"https:\/\/api.w.org\/{rel}","templated":true}]}}