{"id":2051,"date":"2018-10-19T13:04:58","date_gmt":"2018-10-19T11:04:58","guid":{"rendered":"http:\/\/agora.xtec.cat\/ceellevant\/?p=2051"},"modified":"2018-10-25T09:21:49","modified_gmt":"2018-10-25T07:21:49","slug":"els-alumnes-de-cicle-superior-comencem-el-taller-de-secretaria","status":"publish","type":"post","link":"https:\/\/agora.xtec.cat\/ceellevant\/portada\/els-alumnes-de-cicle-superior-comencem-el-taller-de-secretaria\/","title":{"rendered":"ELS ALUMNES DE CICLE SUPERIOR COMENCEM EL TALLER DE SECRETARIA"},"content":{"rendered":"<p>El Taller de Secretaria consisteix en elaborar material que puguin necessitar els diferents grups de l\u2019escola, des dels m\u00e9s petits fins als m\u00e9s grans. Tamb\u00e9 elaborem material que ens demana l\u2019Esther.<\/p>\n<p>&nbsp;<\/p>\n<p>El primer enc\u00e0rrec que ens van fer va ser l\u2019elaboraci\u00f3 de les noves etiquetes d\u2019identificaci\u00f3 per quan els alumnes sortim d\u2019excursi\u00f3. Per fer-les primer vam elaborar el nou disseny, despr\u00e9s vam posar el nom de cada alumne i vam anar classe per classe per saber com les volien, si penjades al coll amb un fil o amb una pin\u00e7a per penjar-les a la roba. Un cop vam tenir tota la informaci\u00f3 les vam imprimir, plastificar i preparar per portar-les a cada classe.<\/p>\n<p><a href=\"https:\/\/agora.xtec.cat\/ceellevant\/wp-content\/uploads\/usu999\/2018\/10\/1.-Plantilla-etiquetes.png\"><img loading=\"lazy\" decoding=\"async\" class=\"aligncenter size-medium wp-image-2046\" src=\"https:\/\/agora.xtec.cat\/ceellevant\/wp-content\/uploads\/usu999\/2018\/10\/1.-Plantilla-etiquetes-300x171.png\" alt=\"\" width=\"300\" height=\"171\" srcset=\"https:\/\/agora.xtec.cat\/ceellevant\/wp-content\/uploads\/usu999\/2018\/10\/1.-Plantilla-etiquetes-300x171.png 300w, https:\/\/agora.xtec.cat\/ceellevant\/wp-content\/uploads\/usu999\/2018\/10\/1.-Plantilla-etiquetes.png 336w\" sizes=\"auto, (max-width: 300px) 100vw, 300px\" \/><\/a><\/p>\n<p>La segona comanda han estat els calendaris dels aniverasaris dels alumnes. Ens han demanat 3, dos s\u00f3n per cicle inicial i un per la porta d\u2019entrada de l\u2019escola. Us deixem les fotos de com els hem fet.<\/p>\n<p><a href=\"https:\/\/agora.xtec.cat\/ceellevant\/wp-content\/uploads\/usu999\/2018\/10\/20181011_152732.jpg\"><img loading=\"lazy\" decoding=\"async\" class=\"aligncenter size-medium wp-image-2048\" src=\"https:\/\/agora.xtec.cat\/ceellevant\/wp-content\/uploads\/usu999\/2018\/10\/20181011_152732-300x146.jpg\" alt=\"\" width=\"300\" height=\"146\" srcset=\"https:\/\/agora.xtec.cat\/ceellevant\/wp-content\/uploads\/usu999\/2018\/10\/20181011_152732-300x146.jpg 300w, https:\/\/agora.xtec.cat\/ceellevant\/wp-content\/uploads\/usu999\/2018\/10\/20181011_152732-768x374.jpg 768w, https:\/\/agora.xtec.cat\/ceellevant\/wp-content\/uploads\/usu999\/2018\/10\/20181011_152732.jpg 1024w\" sizes=\"auto, (max-width: 300px) 100vw, 300px\" \/><\/a><\/p>\n<p><a href=\"https:\/\/agora.xtec.cat\/ceellevant\/wp-content\/uploads\/usu999\/2018\/10\/WhatsApp-Image-2018-10-18-at-12.15.56.jpeg\"><img loading=\"lazy\" decoding=\"async\" class=\"wp-image-2047 size-medium alignleft\" src=\"https:\/\/agora.xtec.cat\/ceellevant\/wp-content\/uploads\/usu999\/2018\/10\/WhatsApp-Image-2018-10-18-at-12.15.56-146x300.jpeg\" alt=\"\" width=\"146\" height=\"300\" srcset=\"https:\/\/agora.xtec.cat\/ceellevant\/wp-content\/uploads\/usu999\/2018\/10\/WhatsApp-Image-2018-10-18-at-12.15.56-146x300.jpeg 146w, https:\/\/agora.xtec.cat\/ceellevant\/wp-content\/uploads\/usu999\/2018\/10\/WhatsApp-Image-2018-10-18-at-12.15.56-768x1581.jpeg 768w, https:\/\/agora.xtec.cat\/ceellevant\/wp-content\/uploads\/usu999\/2018\/10\/WhatsApp-Image-2018-10-18-at-12.15.56-497x1024.jpeg 497w, https:\/\/agora.xtec.cat\/ceellevant\/wp-content\/uploads\/usu999\/2018\/10\/WhatsApp-Image-2018-10-18-at-12.15.56.jpeg 777w\" sizes=\"auto, (max-width: 146px) 100vw, 146px\" \/><\/a> <a href=\"https:\/\/agora.xtec.cat\/ceellevant\/wp-content\/uploads\/usu999\/2018\/10\/20181011_152726.jpg\"><img loading=\"lazy\" decoding=\"async\" class=\"aligncenter size-medium wp-image-2050\" src=\"https:\/\/agora.xtec.cat\/ceellevant\/wp-content\/uploads\/usu999\/2018\/10\/20181011_152726-300x146.jpg\" alt=\"\" width=\"300\" height=\"146\" srcset=\"https:\/\/agora.xtec.cat\/ceellevant\/wp-content\/uploads\/usu999\/2018\/10\/20181011_152726-300x146.jpg 300w, https:\/\/agora.xtec.cat\/ceellevant\/wp-content\/uploads\/usu999\/2018\/10\/20181011_152726-768x374.jpg 768w, https:\/\/agora.xtec.cat\/ceellevant\/wp-content\/uploads\/usu999\/2018\/10\/20181011_152726.jpg 1024w\" sizes=\"auto, (max-width: 300px) 100vw, 300px\" \/><\/a> <a href=\"https:\/\/agora.xtec.cat\/ceellevant\/wp-content\/uploads\/usu999\/2018\/10\/20181010_161524.jpg\"><img loading=\"lazy\" decoding=\"async\" class=\"aligncenter size-medium wp-image-2049\" src=\"https:\/\/agora.xtec.cat\/ceellevant\/wp-content\/uploads\/usu999\/2018\/10\/20181010_161524-300x146.jpg\" alt=\"\" width=\"300\" height=\"146\" srcset=\"https:\/\/agora.xtec.cat\/ceellevant\/wp-content\/uploads\/usu999\/2018\/10\/20181010_161524-300x146.jpg 300w, https:\/\/agora.xtec.cat\/ceellevant\/wp-content\/uploads\/usu999\/2018\/10\/20181010_161524-768x374.jpg 768w, https:\/\/agora.xtec.cat\/ceellevant\/wp-content\/uploads\/usu999\/2018\/10\/20181010_161524.jpg 1024w\" sizes=\"auto, (max-width: 300px) 100vw, 300px\" \/><\/a><\/p>\n","protected":false},"excerpt":{"rendered":"<p>El Taller de Secretaria consisteix en elaborar material que puguin necessitar els diferents grups de l\u2019escola, des dels m\u00e9s petits fins als m\u00e9s grans. Tamb\u00e9 elaborem material que ens demana l\u2019Esther.<br \/>\n&nbsp;<br \/>\nEl primer enc\u00e0rrec que ens van fer va ser l\u2019elaboraci\u00f3 de les noves etiquetes d\u2019identificaci\u00f3&hellip;  <a href=\"https:\/\/agora.xtec.cat\/ceellevant\/portada\/els-alumnes-de-cicle-superior-comencem-el-taller-de-secretaria\/\" title=\"Read ELS ALUMNES DE CICLE SUPERIOR COMENCEM EL TALLER DE SECRETARIA\">Llegeix m\u00e9s\u00bb<\/a><\/p>\n","protected":false},"author":1,"featured_media":1275,"comment_status":"open","ping_status":"closed","sticky":false,"template":"","format":"standard","meta":{"_bbp_topic_count":0,"_bbp_reply_count":0,"_bbp_total_topic_count":0,"_bbp_total_reply_count":0,"_bbp_voice_count":0,"_bbp_anonymous_reply_count":0,"_bbp_topic_count_hidden":0,"_bbp_reply_count_hidden":0,"_bbp_forum_subforum_count":0,"footnotes":""},"categories":[41,4],"tags":[42,45,143],"class_list":["post-2051","post","type-post","status-publish","format-standard","has-post-thumbnail","hentry","category-cicle-superior","category-portada","tag-activitats-pedagogiques","tag-cicle-superior","tag-taller-de-secretaria"],"post_mailing_queue_ids":[],"_links":{"self":[{"href":"https:\/\/agora.xtec.cat\/ceellevant\/wp-json\/wp\/v2\/posts\/2051","targetHints":{"allow":["GET"]}}],"collection":[{"href":"https:\/\/agora.xtec.cat\/ceellevant\/wp-json\/wp\/v2\/posts"}],"about":[{"href":"https:\/\/agora.xtec.cat\/ceellevant\/wp-json\/wp\/v2\/types\/post"}],"author":[{"embeddable":true,"href":"https:\/\/agora.xtec.cat\/ceellevant\/wp-json\/wp\/v2\/users\/1"}],"replies":[{"embeddable":true,"href":"https:\/\/agora.xtec.cat\/ceellevant\/wp-json\/wp\/v2\/comments?post=2051"}],"version-history":[{"count":2,"href":"https:\/\/agora.xtec.cat\/ceellevant\/wp-json\/wp\/v2\/posts\/2051\/revisions"}],"predecessor-version":[{"id":2053,"href":"https:\/\/agora.xtec.cat\/ceellevant\/wp-json\/wp\/v2\/posts\/2051\/revisions\/2053"}],"wp:featuredmedia":[{"embeddable":true,"href":"https:\/\/agora.xtec.cat\/ceellevant\/wp-json\/wp\/v2\/media\/1275"}],"wp:attachment":[{"href":"https:\/\/agora.xtec.cat\/ceellevant\/wp-json\/wp\/v2\/media?parent=2051"}],"wp:term":[{"taxonomy":"category","embeddable":true,"href":"https:\/\/agora.xtec.cat\/ceellevant\/wp-json\/wp\/v2\/categories?post=2051"},{"taxonomy":"post_tag","embeddable":true,"href":"https:\/\/agora.xtec.cat\/ceellevant\/wp-json\/wp\/v2\/tags?post=2051"}],"curies":[{"name":"wp","href":"https:\/\/api.w.org\/{rel}","templated":true}]}}