{"id":1973,"date":"2018-06-15T11:32:44","date_gmt":"2018-06-15T09:32:44","guid":{"rendered":"http:\/\/agora.xtec.cat\/ceellevant\/?p=1973"},"modified":"2018-06-15T11:38:22","modified_gmt":"2018-06-15T09:38:22","slug":"el-grup-4-i-els-instruments-musicals","status":"publish","type":"post","link":"https:\/\/agora.xtec.cat\/ceellevant\/portada\/el-grup-4-i-els-instruments-musicals\/","title":{"rendered":"EL GRUP 4 I ELS INSTRUMENTS MUSICALS"},"content":{"rendered":"<p>El Grup 4\u00a0 son l&#8217;Ian, l&#8217;Anna, el Gabi i en Joan, a classe experimenten diferents sons amb tot tipus d\u2019instruments.<\/p>\n<p>Qu\u00e8 b\u00e9 que ho passen i com es diverteixen amb la m\u00fasica i, fins i tot, tamb\u00e9 estan atents escoltant al Xavi tocar la guitarra!<\/p>\n<p>Quina activitat m\u00e9s xula!!!<\/p>\n<p><a href=\"http:\/\/agora.xtec.cat\/ceellevant\/wp-content\/uploads\/usu999\/2018\/06\/IMG-20180219-WA0010.jpg\"><img loading=\"lazy\" decoding=\"async\" class=\"wp-image-1972 alignleft\" src=\"http:\/\/agora.xtec.cat\/ceellevant\/wp-content\/uploads\/usu999\/2018\/06\/IMG-20180219-WA0010-300x225.jpg\" alt=\"\" width=\"215\" height=\"161\" srcset=\"https:\/\/agora.xtec.cat\/ceellevant\/wp-content\/uploads\/usu999\/2018\/06\/IMG-20180219-WA0010-300x225.jpg 300w, https:\/\/agora.xtec.cat\/ceellevant\/wp-content\/uploads\/usu999\/2018\/06\/IMG-20180219-WA0010-200x150.jpg 200w, https:\/\/agora.xtec.cat\/ceellevant\/wp-content\/uploads\/usu999\/2018\/06\/IMG-20180219-WA0010.jpg 640w\" sizes=\"auto, (max-width: 215px) 100vw, 215px\" \/><\/a> <a href=\"http:\/\/agora.xtec.cat\/ceellevant\/wp-content\/uploads\/usu999\/2018\/06\/20180514_121817.jpg\"><img loading=\"lazy\" decoding=\"async\" class=\"wp-image-1970 aligncenter\" src=\"http:\/\/agora.xtec.cat\/ceellevant\/wp-content\/uploads\/usu999\/2018\/06\/20180514_121817-225x300.jpg\" alt=\"\" width=\"150\" height=\"200\" srcset=\"https:\/\/agora.xtec.cat\/ceellevant\/wp-content\/uploads\/usu999\/2018\/06\/20180514_121817-225x300.jpg 225w, https:\/\/agora.xtec.cat\/ceellevant\/wp-content\/uploads\/usu999\/2018\/06\/20180514_121817.jpg 480w\" sizes=\"auto, (max-width: 150px) 100vw, 150px\" \/><\/a><img loading=\"lazy\" decoding=\"async\" class=\"alignleft wp-image-1971\" src=\"http:\/\/agora.xtec.cat\/ceellevant\/wp-content\/uploads\/usu999\/2018\/06\/20180514_122219-225x300.jpg\" alt=\"\" width=\"202\" height=\"269\" srcset=\"https:\/\/agora.xtec.cat\/ceellevant\/wp-content\/uploads\/usu999\/2018\/06\/20180514_122219-225x300.jpg 225w, https:\/\/agora.xtec.cat\/ceellevant\/wp-content\/uploads\/usu999\/2018\/06\/20180514_122219.jpg 480w\" sizes=\"auto, (max-width: 202px) 100vw, 202px\" \/> <a href=\"http:\/\/agora.xtec.cat\/ceellevant\/wp-content\/uploads\/usu999\/2018\/06\/20180514_121808.jpg\"><img loading=\"lazy\" decoding=\"async\" class=\"wp-image-1969 aligncenter\" src=\"http:\/\/agora.xtec.cat\/ceellevant\/wp-content\/uploads\/usu999\/2018\/06\/20180514_121808-225x300.jpg\" alt=\"\" width=\"188\" height=\"251\" srcset=\"https:\/\/agora.xtec.cat\/ceellevant\/wp-content\/uploads\/usu999\/2018\/06\/20180514_121808-225x300.jpg 225w, https:\/\/agora.xtec.cat\/ceellevant\/wp-content\/uploads\/usu999\/2018\/06\/20180514_121808.jpg 480w\" sizes=\"auto, (max-width: 188px) 100vw, 188px\" \/><\/a><\/p>\n<p>&nbsp;<\/p>\n","protected":false},"excerpt":{"rendered":"<p>El Grup 4\u00a0 son l&#8217;Ian, l&#8217;Anna, el Gabi i en Joan, a classe experimenten diferents sons amb tot tipus d\u2019instruments.<br \/>\nQu\u00e8 b\u00e9 que ho passen i com es diverteixen amb la m\u00fasica i, fins i tot, tamb\u00e9 estan atents escoltant al Xavi tocar la guitarra!<br \/>\nQuina activitat&hellip;  <a href=\"https:\/\/agora.xtec.cat\/ceellevant\/portada\/el-grup-4-i-els-instruments-musicals\/\" title=\"Read EL GRUP 4 I ELS INSTRUMENTS MUSICALS\">Llegeix m\u00e9s\u00bb<\/a><\/p>\n","protected":false},"author":1,"featured_media":1275,"comment_status":"open","ping_status":"closed","sticky":false,"template":"","format":"standard","meta":{"_bbp_topic_count":0,"_bbp_reply_count":0,"_bbp_total_topic_count":0,"_bbp_total_reply_count":0,"_bbp_voice_count":0,"_bbp_anonymous_reply_count":0,"_bbp_topic_count_hidden":0,"_bbp_reply_count_hidden":0,"_bbp_forum_subforum_count":0,"footnotes":""},"categories":[54,4],"tags":[42,110],"class_list":["post-1973","post","type-post","status-publish","format-standard","has-post-thumbnail","hentry","category-infantil","category-portada","tag-activitats-pedagogiques","tag-etapa-infantil"],"post_mailing_queue_ids":[],"_links":{"self":[{"href":"https:\/\/agora.xtec.cat\/ceellevant\/wp-json\/wp\/v2\/posts\/1973","targetHints":{"allow":["GET"]}}],"collection":[{"href":"https:\/\/agora.xtec.cat\/ceellevant\/wp-json\/wp\/v2\/posts"}],"about":[{"href":"https:\/\/agora.xtec.cat\/ceellevant\/wp-json\/wp\/v2\/types\/post"}],"author":[{"embeddable":true,"href":"https:\/\/agora.xtec.cat\/ceellevant\/wp-json\/wp\/v2\/users\/1"}],"replies":[{"embeddable":true,"href":"https:\/\/agora.xtec.cat\/ceellevant\/wp-json\/wp\/v2\/comments?post=1973"}],"version-history":[{"count":3,"href":"https:\/\/agora.xtec.cat\/ceellevant\/wp-json\/wp\/v2\/posts\/1973\/revisions"}],"predecessor-version":[{"id":1978,"href":"https:\/\/agora.xtec.cat\/ceellevant\/wp-json\/wp\/v2\/posts\/1973\/revisions\/1978"}],"wp:featuredmedia":[{"embeddable":true,"href":"https:\/\/agora.xtec.cat\/ceellevant\/wp-json\/wp\/v2\/media\/1275"}],"wp:attachment":[{"href":"https:\/\/agora.xtec.cat\/ceellevant\/wp-json\/wp\/v2\/media?parent=1973"}],"wp:term":[{"taxonomy":"category","embeddable":true,"href":"https:\/\/agora.xtec.cat\/ceellevant\/wp-json\/wp\/v2\/categories?post=1973"},{"taxonomy":"post_tag","embeddable":true,"href":"https:\/\/agora.xtec.cat\/ceellevant\/wp-json\/wp\/v2\/tags?post=1973"}],"curies":[{"name":"wp","href":"https:\/\/api.w.org\/{rel}","templated":true}]}}