{"id":1842,"date":"2018-06-03T13:14:39","date_gmt":"2018-06-03T11:14:39","guid":{"rendered":"http:\/\/agora.xtec.cat\/ceellevant\/?p=1842"},"modified":"2018-05-31T13:24:36","modified_gmt":"2018-05-31T11:24:36","slug":"excursio-al-cim-de-les-aligues-cicle-mitja","status":"publish","type":"post","link":"https:\/\/agora.xtec.cat\/ceellevant\/general\/excursio-al-cim-de-les-aligues-cicle-mitja\/","title":{"rendered":"EXCURSI\u00d3 AL CIM DE LES \u00c0LIGUES.CICLE MITJ\u00c0"},"content":{"rendered":"<p>Els alumnes de cicle mitj\u00e0 vam anar al Cim de les \u00c0ligues!<\/p>\n<p>Primer la monitora ens va fer una visita a la zona de les aus per explicar-nos les caracter\u00edstiques i peculiaritats d\u2019aquests ocells, entre d\u2019altres vam veure el mussol, l\u2019\u00f2liba, el falc\u00f3, l\u2019\u00e0guila, &#8230; Els vam poder veure tots de ben aprop a les seves g\u00e0bies per m\u00e9s tard veure\u2019ls volar en llibertat.<\/p>\n<p>Aquesta va ser l\u2019activitat que m\u00e9s ens va agradar! Vam seure a l\u2019amfiteatre per veure la sessi\u00f3 de vol d\u2019alguns dels exemplars m\u00e9s representatius de les aus rapinyaires. Ens van explicar les difer\u00e8ncies entre uns i altres, sobretot pel que fa al tipus de vol i l\u2019alimentaci\u00f3 perqu\u00e8 ens van volar per sobre mooolt aprop! I els vam veure menjar.<\/p>\n<p>Quan va acabar l\u2019actuaci\u00f3 va ser l\u2019hora de dinar i passar una estona jugant al parc!<\/p>\n<p><a href=\"http:\/\/agora.xtec.cat\/ceellevant\/wp-content\/uploads\/usu999\/2018\/05\/PORTADA.jpg\"><img loading=\"lazy\" decoding=\"async\" class=\"aligncenter size-medium wp-image-1844\" src=\"http:\/\/agora.xtec.cat\/ceellevant\/wp-content\/uploads\/usu999\/2018\/05\/PORTADA-300x225.jpg\" alt=\"\" width=\"300\" height=\"225\" srcset=\"https:\/\/agora.xtec.cat\/ceellevant\/wp-content\/uploads\/usu999\/2018\/05\/PORTADA-300x225.jpg 300w, https:\/\/agora.xtec.cat\/ceellevant\/wp-content\/uploads\/usu999\/2018\/05\/PORTADA-768x576.jpg 768w, https:\/\/agora.xtec.cat\/ceellevant\/wp-content\/uploads\/usu999\/2018\/05\/PORTADA-1024x768.jpg 1024w, https:\/\/agora.xtec.cat\/ceellevant\/wp-content\/uploads\/usu999\/2018\/05\/PORTADA-200x150.jpg 200w, https:\/\/agora.xtec.cat\/ceellevant\/wp-content\/uploads\/usu999\/2018\/05\/PORTADA.jpg 1600w\" sizes=\"auto, (max-width: 300px) 100vw, 300px\" \/><\/a><\/p>\n<p>Cliqueu a l&#8217;enlla\u00e7 per veure la resta de fotos i v\u00eddeos<\/p>\n<p><a href=\"https:\/\/photos.app.goo.gl\/svZq82sEsccksM6t9\" target=\"_blank\" rel=\"noopener noreferrer\">CIM DE LES \u00c0LIGUES.CICLE MITJ\u00c0<\/a><\/p>\n","protected":false},"excerpt":{"rendered":"<p>Els alumnes de cicle mitj\u00e0 vam anar al Cim de les \u00c0ligues!<br \/>\nPrimer la monitora ens va fer una visita a la zona de les aus per explicar-nos les caracter\u00edstiques i peculiaritats d\u2019aquests ocells, entre d\u2019altres vam veure el mussol, l\u2019\u00f2liba, el falc\u00f3, l\u2019\u00e0guila, &#8230; Els&hellip;  <a href=\"https:\/\/agora.xtec.cat\/ceellevant\/general\/excursio-al-cim-de-les-aligues-cicle-mitja\/\" title=\"Read EXCURSI\u00d3 AL CIM DE LES \u00c0LIGUES.CICLE MITJ\u00c0\">Llegeix m\u00e9s\u00bb<\/a><\/p>\n","protected":false},"author":1,"featured_media":0,"comment_status":"open","ping_status":"closed","sticky":false,"template":"","format":"standard","meta":{"_bbp_topic_count":0,"_bbp_reply_count":0,"_bbp_total_topic_count":0,"_bbp_total_reply_count":0,"_bbp_voice_count":0,"_bbp_anonymous_reply_count":0,"_bbp_topic_count_hidden":0,"_bbp_reply_count_hidden":0,"_bbp_forum_subforum_count":0,"footnotes":""},"categories":[47,1,4],"tags":[117,132,99],"class_list":["post-1842","post","type-post","status-publish","format-standard","hentry","category-cicle-mitja","category-general","category-portada","tag-cicle-mitja","tag-cimdelesaligues","tag-excusions"],"post_mailing_queue_ids":[],"_links":{"self":[{"href":"https:\/\/agora.xtec.cat\/ceellevant\/wp-json\/wp\/v2\/posts\/1842","targetHints":{"allow":["GET"]}}],"collection":[{"href":"https:\/\/agora.xtec.cat\/ceellevant\/wp-json\/wp\/v2\/posts"}],"about":[{"href":"https:\/\/agora.xtec.cat\/ceellevant\/wp-json\/wp\/v2\/types\/post"}],"author":[{"embeddable":true,"href":"https:\/\/agora.xtec.cat\/ceellevant\/wp-json\/wp\/v2\/users\/1"}],"replies":[{"embeddable":true,"href":"https:\/\/agora.xtec.cat\/ceellevant\/wp-json\/wp\/v2\/comments?post=1842"}],"version-history":[{"count":3,"href":"https:\/\/agora.xtec.cat\/ceellevant\/wp-json\/wp\/v2\/posts\/1842\/revisions"}],"predecessor-version":[{"id":1846,"href":"https:\/\/agora.xtec.cat\/ceellevant\/wp-json\/wp\/v2\/posts\/1842\/revisions\/1846"}],"wp:attachment":[{"href":"https:\/\/agora.xtec.cat\/ceellevant\/wp-json\/wp\/v2\/media?parent=1842"}],"wp:term":[{"taxonomy":"category","embeddable":true,"href":"https:\/\/agora.xtec.cat\/ceellevant\/wp-json\/wp\/v2\/categories?post=1842"},{"taxonomy":"post_tag","embeddable":true,"href":"https:\/\/agora.xtec.cat\/ceellevant\/wp-json\/wp\/v2\/tags?post=1842"}],"curies":[{"name":"wp","href":"https:\/\/api.w.org\/{rel}","templated":true}]}}