{"id":1773,"date":"2018-04-20T10:04:32","date_gmt":"2018-04-20T08:04:32","guid":{"rendered":"http:\/\/agora.xtec.cat\/ceellevant\/?p=1773"},"modified":"2018-04-20T12:12:39","modified_gmt":"2018-04-20T10:12:39","slug":"tv-de-badalona-al-cicle-superior","status":"publish","type":"post","link":"https:\/\/agora.xtec.cat\/ceellevant\/portada\/tv-de-badalona-al-cicle-superior\/","title":{"rendered":"TV DE BADALONA AL CICLE SUPERIOR"},"content":{"rendered":"<p>Els grups 13 i 15 del cicle superior de l&#8217;escola participem en un projecte educatiu de la televisi\u00f3 de Badalona.<\/p>\n<p>Al programa\u00a0<a href=\"http:\/\/tvbadalona.xiptv.cat\/la-nostra-escola\" target=\"_blank\" rel=\"noopener noreferrer\">LA NOSTRA ESCOLA<\/a>, participen 12 centres educatius de la ciutat i t\u00e9 com a objectiu acostar els alumnes al llenguatge audiovisual. El producte final ha de ser un reportatge de 10 minuts, que es reproduir\u00e0 al programa de televisi\u00f3.<\/p>\n<p>El passat 16 d&#8217;abril, ens va visitar la periodista de TV Badalona per con\u00e8ixe&#8217;ns i saber com va el proc\u00e9s de producci\u00f3.<\/p>\n<p>Aqu\u00ed teniu el v\u00eddeo resultant de la seva visita. Esperem que us agradi!<\/p>\n<p><iframe loading=\"lazy\" title=\"La Nostra Escola. Escola Llevant\" width=\"500\" height=\"281\" src=\"https:\/\/www.youtube.com\/embed\/6C0uniHTVY8?feature=oembed\" frameborder=\"0\" allow=\"accelerometer; autoplay; clipboard-write; encrypted-media; gyroscope; picture-in-picture; web-share\" referrerpolicy=\"strict-origin-when-cross-origin\" allowfullscreen><\/iframe><\/p>\n","protected":false},"excerpt":{"rendered":"<p>Els grups 13 i 15 del cicle superior de l&#8217;escola participem en un projecte educatiu de la televisi\u00f3 de Badalona.<br \/>\nAl programa\u00a0<a href=\"http:\/\/tvbadalona.xiptv.cat\/la-nostra-escola\" target=\"_blank\" rel=\"noopener noreferrer\">LA NOSTRA ESCOLA<\/a>, participen 12 centres educatius de la ciutat i t\u00e9 com a objectiu acostar els alumnes al llenguatge audiovisual.&hellip;  <a href=\"https:\/\/agora.xtec.cat\/ceellevant\/portada\/tv-de-badalona-al-cicle-superior\/\" title=\"Read TV DE BADALONA AL CICLE SUPERIOR\">Llegeix m\u00e9s\u00bb<\/a><\/p>\n","protected":false},"author":1,"featured_media":1774,"comment_status":"open","ping_status":"closed","sticky":false,"template":"","format":"standard","meta":{"_bbp_topic_count":0,"_bbp_reply_count":0,"_bbp_total_topic_count":0,"_bbp_total_reply_count":0,"_bbp_voice_count":0,"_bbp_anonymous_reply_count":0,"_bbp_topic_count_hidden":0,"_bbp_reply_count_hidden":0,"_bbp_forum_subforum_count":0,"footnotes":""},"categories":[41,4],"tags":[42],"class_list":["post-1773","post","type-post","status-publish","format-standard","has-post-thumbnail","hentry","category-cicle-superior","category-portada","tag-activitats-pedagogiques"],"post_mailing_queue_ids":[],"_links":{"self":[{"href":"https:\/\/agora.xtec.cat\/ceellevant\/wp-json\/wp\/v2\/posts\/1773","targetHints":{"allow":["GET"]}}],"collection":[{"href":"https:\/\/agora.xtec.cat\/ceellevant\/wp-json\/wp\/v2\/posts"}],"about":[{"href":"https:\/\/agora.xtec.cat\/ceellevant\/wp-json\/wp\/v2\/types\/post"}],"author":[{"embeddable":true,"href":"https:\/\/agora.xtec.cat\/ceellevant\/wp-json\/wp\/v2\/users\/1"}],"replies":[{"embeddable":true,"href":"https:\/\/agora.xtec.cat\/ceellevant\/wp-json\/wp\/v2\/comments?post=1773"}],"version-history":[{"count":3,"href":"https:\/\/agora.xtec.cat\/ceellevant\/wp-json\/wp\/v2\/posts\/1773\/revisions"}],"predecessor-version":[{"id":1778,"href":"https:\/\/agora.xtec.cat\/ceellevant\/wp-json\/wp\/v2\/posts\/1773\/revisions\/1778"}],"wp:featuredmedia":[{"embeddable":true,"href":"https:\/\/agora.xtec.cat\/ceellevant\/wp-json\/wp\/v2\/media\/1774"}],"wp:attachment":[{"href":"https:\/\/agora.xtec.cat\/ceellevant\/wp-json\/wp\/v2\/media?parent=1773"}],"wp:term":[{"taxonomy":"category","embeddable":true,"href":"https:\/\/agora.xtec.cat\/ceellevant\/wp-json\/wp\/v2\/categories?post=1773"},{"taxonomy":"post_tag","embeddable":true,"href":"https:\/\/agora.xtec.cat\/ceellevant\/wp-json\/wp\/v2\/tags?post=1773"}],"curies":[{"name":"wp","href":"https:\/\/api.w.org\/{rel}","templated":true}]}}