{"id":1683,"date":"2018-02-02T10:04:38","date_gmt":"2018-02-02T09:04:38","guid":{"rendered":"http:\/\/agora.xtec.cat\/ceellevant\/?p=1683"},"modified":"2018-02-02T10:04:38","modified_gmt":"2018-02-02T09:04:38","slug":"un-mati-a-la-ludoteca","status":"publish","type":"post","link":"https:\/\/agora.xtec.cat\/ceellevant\/general\/un-mati-a-la-ludoteca\/","title":{"rendered":"UN MAT\u00cd A LA LUDOTECA"},"content":{"rendered":"<p><a href=\"http:\/\/agora.xtec.cat\/ceellevant\/wp-content\/uploads\/usu999\/2018\/02\/DSC06761.jpg\"><img loading=\"lazy\" decoding=\"async\" class=\"aligncenter size-medium wp-image-1684\" src=\"http:\/\/agora.xtec.cat\/ceellevant\/wp-content\/uploads\/usu999\/2018\/02\/DSC06761-300x200.jpg\" alt=\"\" width=\"300\" height=\"200\" srcset=\"https:\/\/agora.xtec.cat\/ceellevant\/wp-content\/uploads\/usu999\/2018\/02\/DSC06761-300x200.jpg 300w, https:\/\/agora.xtec.cat\/ceellevant\/wp-content\/uploads\/usu999\/2018\/02\/DSC06761.jpg 448w\" sizes=\"auto, (max-width: 300px) 100vw, 300px\" \/><\/a><\/p>\n<p>El passat 16 de gener el cicle infantil vam gaudir d\u2019un mat\u00ed a la ludoteca del barri de Sant Roc.<\/p>\n<p>Vam anar-hi en autob\u00fas. Ens encanta agafar els transports p\u00fablics!<\/p>\n<p>Hem gaudit del rac\u00f3 de la botigueta de queviures, de la caseta i del taller mec\u00e0nic. En ho hem passat molt b\u00e9 respectant-nos i compartint les joguines.<\/p>\n<p>Les nostres mestres ens feien fotos mentres est\u00e0vem jugant, i hem sortit molt macos!<\/p>\n<p>Aqu\u00ed van unes imatges de la sortida:<\/p>\n<p><a href=\"https:\/\/photos.app.goo.gl\/lDBtcHJGHHDiJomg1\" target=\"_blank\" rel=\"noopener noreferrer\">FOTOS LUDOTECA DE SANT ROC. ETAPA INFANTIL.17-18<\/a><\/p>\n<p>&nbsp;<\/p>\n<p>&nbsp;<\/p>\n<p>&nbsp;<\/p>\n","protected":false},"excerpt":{"rendered":"<p><a href=\"http:\/\/agora.xtec.cat\/ceellevant\/wp-content\/uploads\/usu999\/2018\/02\/DSC06761.jpg\"><\/a><br \/>\nEl passat 16 de gener el cicle infantil vam gaudir d\u2019un mat\u00ed a la ludoteca del barri de Sant Roc.<br \/>\nVam anar-hi en autob\u00fas. Ens encanta agafar els transports p\u00fablics!<br \/>\nHem gaudit del rac\u00f3 de la botigueta de queviures, de la caseta i del taller mec\u00e0nic.&hellip;  <a href=\"https:\/\/agora.xtec.cat\/ceellevant\/general\/un-mati-a-la-ludoteca\/\" title=\"Read UN MAT\u00cd A LA LUDOTECA\">Llegeix m\u00e9s\u00bb<\/a><\/p>\n","protected":false},"author":1,"featured_media":1275,"comment_status":"open","ping_status":"closed","sticky":false,"template":"","format":"standard","meta":{"_bbp_topic_count":0,"_bbp_reply_count":0,"_bbp_total_topic_count":0,"_bbp_total_reply_count":0,"_bbp_voice_count":0,"_bbp_anonymous_reply_count":0,"_bbp_topic_count_hidden":0,"_bbp_reply_count_hidden":0,"_bbp_forum_subforum_count":0,"footnotes":""},"categories":[54,1,4],"tags":[110,123,101],"class_list":["post-1683","post","type-post","status-publish","format-standard","has-post-thumbnail","hentry","category-infantil","category-general","category-portada","tag-etapa-infantil","tag-ludoteca","tag-sortides-i-excursions"],"post_mailing_queue_ids":[],"_links":{"self":[{"href":"https:\/\/agora.xtec.cat\/ceellevant\/wp-json\/wp\/v2\/posts\/1683","targetHints":{"allow":["GET"]}}],"collection":[{"href":"https:\/\/agora.xtec.cat\/ceellevant\/wp-json\/wp\/v2\/posts"}],"about":[{"href":"https:\/\/agora.xtec.cat\/ceellevant\/wp-json\/wp\/v2\/types\/post"}],"author":[{"embeddable":true,"href":"https:\/\/agora.xtec.cat\/ceellevant\/wp-json\/wp\/v2\/users\/1"}],"replies":[{"embeddable":true,"href":"https:\/\/agora.xtec.cat\/ceellevant\/wp-json\/wp\/v2\/comments?post=1683"}],"version-history":[{"count":1,"href":"https:\/\/agora.xtec.cat\/ceellevant\/wp-json\/wp\/v2\/posts\/1683\/revisions"}],"predecessor-version":[{"id":1685,"href":"https:\/\/agora.xtec.cat\/ceellevant\/wp-json\/wp\/v2\/posts\/1683\/revisions\/1685"}],"wp:featuredmedia":[{"embeddable":true,"href":"https:\/\/agora.xtec.cat\/ceellevant\/wp-json\/wp\/v2\/media\/1275"}],"wp:attachment":[{"href":"https:\/\/agora.xtec.cat\/ceellevant\/wp-json\/wp\/v2\/media?parent=1683"}],"wp:term":[{"taxonomy":"category","embeddable":true,"href":"https:\/\/agora.xtec.cat\/ceellevant\/wp-json\/wp\/v2\/categories?post=1683"},{"taxonomy":"post_tag","embeddable":true,"href":"https:\/\/agora.xtec.cat\/ceellevant\/wp-json\/wp\/v2\/tags?post=1683"}],"curies":[{"name":"wp","href":"https:\/\/api.w.org\/{rel}","templated":true}]}}