{"id":1678,"date":"2018-02-01T12:10:21","date_gmt":"2018-02-01T11:10:21","guid":{"rendered":"http:\/\/agora.xtec.cat\/ceellevant\/?p=1678"},"modified":"2018-02-01T12:22:45","modified_gmt":"2018-02-01T11:22:45","slug":"taller-de-robotica-i-programacio","status":"publish","type":"post","link":"https:\/\/agora.xtec.cat\/ceellevant\/general\/taller-de-robotica-i-programacio\/","title":{"rendered":"TALLER DE ROB\u00d2TICA I PROGRAMACI\u00d3"},"content":{"rendered":"<p>Dos grups del Cicle Superior de l&#8217;Escola hem anat a fer un taller de rob\u00f2tica i programaci\u00f3 a l&#8217;Apple Store de La Maquinista. Ha estat un dia genial! Hem fet el taller i hem anat a dinar tots junts!<\/p>\n<p>En aquest taller hem pogut ser programadors per un dia. El nostre robot executava les ordres que li don\u00e0vem amb un programa de l&#8217;Ipad! Tots i totes ho hem fet s\u00faper b\u00e9! Per si el voleu con\u00e8ixer&#8230; aquest ha estat el nostre robot:<\/p>\n<p class=\"materializer\" data-autom=\"productTitle\">Robot SPRK+ de Sphero<\/p>\n<p class=\"materializer\" data-autom=\"productTitle\"><a href=\"http:\/\/agora.xtec.cat\/ceellevant\/wp-content\/uploads\/usu999\/2018\/01\/HK8S2.jpeg\"><img loading=\"lazy\" decoding=\"async\" class=\"wp-image-1680 alignleft\" src=\"http:\/\/agora.xtec.cat\/ceellevant\/wp-content\/uploads\/usu999\/2018\/01\/HK8S2-300x300.jpeg\" alt=\"\" width=\"108\" height=\"108\" srcset=\"https:\/\/agora.xtec.cat\/ceellevant\/wp-content\/uploads\/usu999\/2018\/01\/HK8S2-300x300.jpeg 300w, https:\/\/agora.xtec.cat\/ceellevant\/wp-content\/uploads\/usu999\/2018\/01\/HK8S2-150x150.jpeg 150w, https:\/\/agora.xtec.cat\/ceellevant\/wp-content\/uploads\/usu999\/2018\/01\/HK8S2-768x768.jpeg 768w, https:\/\/agora.xtec.cat\/ceellevant\/wp-content\/uploads\/usu999\/2018\/01\/HK8S2-1024x1024.jpeg 1024w, https:\/\/agora.xtec.cat\/ceellevant\/wp-content\/uploads\/usu999\/2018\/01\/HK8S2.jpeg 2000w\" sizes=\"auto, (max-width: 108px) 100vw, 108px\" \/><\/a><\/p>\n<p>&nbsp;<\/p>\n<p>&nbsp;<\/p>\n<p>&nbsp;<\/p>\n<p>En aquest petit v\u00eddeo podeu veure els resultats de la nostra feina i com ens ho hem passat!<\/p>\n<p><iframe loading=\"lazy\" title=\"Taller de rob\u00f2tica\" width=\"500\" height=\"281\" src=\"https:\/\/www.youtube.com\/embed\/jQ0RPlkhIBQ?feature=oembed\" frameborder=\"0\" allow=\"accelerometer; autoplay; clipboard-write; encrypted-media; gyroscope; picture-in-picture; web-share\" referrerpolicy=\"strict-origin-when-cross-origin\" allowfullscreen><\/iframe><\/p>\n","protected":false},"excerpt":{"rendered":"<p>Dos grups del Cicle Superior de l&#8217;Escola hem anat a fer un taller de rob\u00f2tica i programaci\u00f3 a l&#8217;Apple Store de La Maquinista. Ha estat un dia genial! Hem fet el taller i hem anat a dinar tots junts!<br \/>\nEn aquest taller hem pogut ser programadors&hellip;  <a href=\"https:\/\/agora.xtec.cat\/ceellevant\/general\/taller-de-robotica-i-programacio\/\" title=\"Read TALLER DE ROB\u00d2TICA I PROGRAMACI\u00d3\">Llegeix m\u00e9s\u00bb<\/a><\/p>\n","protected":false},"author":1,"featured_media":1275,"comment_status":"open","ping_status":"closed","sticky":false,"template":"","format":"standard","meta":{"_bbp_topic_count":0,"_bbp_reply_count":0,"_bbp_total_topic_count":0,"_bbp_total_reply_count":0,"_bbp_voice_count":0,"_bbp_anonymous_reply_count":0,"_bbp_topic_count_hidden":0,"_bbp_reply_count_hidden":0,"_bbp_forum_subforum_count":0,"footnotes":""},"categories":[41,1,4,38],"tags":[],"class_list":["post-1678","post","type-post","status-publish","format-standard","has-post-thumbnail","hentry","category-cicle-superior","category-general","category-portada","category-serveis-digitals"],"post_mailing_queue_ids":[],"_links":{"self":[{"href":"https:\/\/agora.xtec.cat\/ceellevant\/wp-json\/wp\/v2\/posts\/1678","targetHints":{"allow":["GET"]}}],"collection":[{"href":"https:\/\/agora.xtec.cat\/ceellevant\/wp-json\/wp\/v2\/posts"}],"about":[{"href":"https:\/\/agora.xtec.cat\/ceellevant\/wp-json\/wp\/v2\/types\/post"}],"author":[{"embeddable":true,"href":"https:\/\/agora.xtec.cat\/ceellevant\/wp-json\/wp\/v2\/users\/1"}],"replies":[{"embeddable":true,"href":"https:\/\/agora.xtec.cat\/ceellevant\/wp-json\/wp\/v2\/comments?post=1678"}],"version-history":[{"count":3,"href":"https:\/\/agora.xtec.cat\/ceellevant\/wp-json\/wp\/v2\/posts\/1678\/revisions"}],"predecessor-version":[{"id":1682,"href":"https:\/\/agora.xtec.cat\/ceellevant\/wp-json\/wp\/v2\/posts\/1678\/revisions\/1682"}],"wp:featuredmedia":[{"embeddable":true,"href":"https:\/\/agora.xtec.cat\/ceellevant\/wp-json\/wp\/v2\/media\/1275"}],"wp:attachment":[{"href":"https:\/\/agora.xtec.cat\/ceellevant\/wp-json\/wp\/v2\/media?parent=1678"}],"wp:term":[{"taxonomy":"category","embeddable":true,"href":"https:\/\/agora.xtec.cat\/ceellevant\/wp-json\/wp\/v2\/categories?post=1678"},{"taxonomy":"post_tag","embeddable":true,"href":"https:\/\/agora.xtec.cat\/ceellevant\/wp-json\/wp\/v2\/tags?post=1678"}],"curies":[{"name":"wp","href":"https:\/\/api.w.org\/{rel}","templated":true}]}}