{"id":1674,"date":"2018-01-30T18:44:57","date_gmt":"2018-01-30T17:44:57","guid":{"rendered":"http:\/\/agora.xtec.cat\/ceellevant\/?p=1674"},"modified":"2018-01-30T18:47:26","modified_gmt":"2018-01-30T17:47:26","slug":"el-diari-de-la-joana","status":"publish","type":"post","link":"https:\/\/agora.xtec.cat\/ceellevant\/portada\/el-diari-de-la-joana\/","title":{"rendered":"EL DIARI DE LA JOANA"},"content":{"rendered":"<p><strong>Dissabte 3 de febrer a les 12 h del migdia<\/strong>, a la llibreria Saltamart\u00ed, es far\u00e0 la presentaci\u00f3 del conte <strong><em>\u201cEl diari de la Joana\u201d<\/em>. <\/strong><\/p>\n<p><em><strong>El diari de la Joana<\/strong><\/em>\u00a0\u00e9s un \u00e0lbum il\u00b7lustrat creat amb el desig d\u2019explicar a tothom, amb una visi\u00f3 sensible i sempre amb humor, la s\u00edndrome de Down, a trav\u00e9s d\u2019una nena molt especial, carism\u00e0tica i molt divertida.<\/p>\n<p>\u00c9s una presentaci\u00f3 que ens fa molta il\u00b7lusi\u00f3, ja que la seva autora, la Cristina Ben\u00edtez, va estar uns dies a l\u2019escola per tal de con\u00e8ixer els nostres alumnes i documentar-se abans d\u2019escriure el conte.<\/p>\n<p>Us hi esperem!<\/p>\n<p><a href=\"http:\/\/agora.xtec.cat\/ceellevant\/wp-content\/uploads\/usu999\/2018\/01\/Invitacic3b320EL20DIARI20DE20LA20JOANA_Badalona.jpg\"><img loading=\"lazy\" decoding=\"async\" class=\"aligncenter wp-image-1673\" src=\"http:\/\/agora.xtec.cat\/ceellevant\/wp-content\/uploads\/usu999\/2018\/01\/Invitacic3b320EL20DIARI20DE20LA20JOANA_Badalona-300x157.jpg\" alt=\"\" width=\"539\" height=\"282\" srcset=\"https:\/\/agora.xtec.cat\/ceellevant\/wp-content\/uploads\/usu999\/2018\/01\/Invitacic3b320EL20DIARI20DE20LA20JOANA_Badalona-300x157.jpg 300w, https:\/\/agora.xtec.cat\/ceellevant\/wp-content\/uploads\/usu999\/2018\/01\/Invitacic3b320EL20DIARI20DE20LA20JOANA_Badalona-768x401.jpg 768w, https:\/\/agora.xtec.cat\/ceellevant\/wp-content\/uploads\/usu999\/2018\/01\/Invitacic3b320EL20DIARI20DE20LA20JOANA_Badalona-1024x534.jpg 1024w\" sizes=\"auto, (max-width: 539px) 100vw, 539px\" \/><\/a><\/p>\n","protected":false},"excerpt":{"rendered":"<p>Dissabte 3 de febrer a les 12 h del migdia, a la llibreria Saltamart\u00ed, es far\u00e0 la presentaci\u00f3 del conte \u201cEl diari de la Joana\u201d.<br \/>\nEl diari de la Joana\u00a0\u00e9s un \u00e0lbum il\u00b7lustrat creat amb el desig d\u2019explicar a tothom, amb una visi\u00f3 sensible i&hellip;  <a href=\"https:\/\/agora.xtec.cat\/ceellevant\/portada\/el-diari-de-la-joana\/\" title=\"Read EL DIARI DE LA JOANA\">Llegeix m\u00e9s\u00bb<\/a><\/p>\n","protected":false},"author":1,"featured_media":1275,"comment_status":"open","ping_status":"closed","sticky":false,"template":"","format":"standard","meta":{"_bbp_topic_count":0,"_bbp_reply_count":0,"_bbp_total_topic_count":0,"_bbp_total_reply_count":0,"_bbp_voice_count":0,"_bbp_anonymous_reply_count":0,"_bbp_topic_count_hidden":0,"_bbp_reply_count_hidden":0,"_bbp_forum_subforum_count":0,"footnotes":""},"categories":[4],"tags":[108],"class_list":["post-1674","post","type-post","status-publish","format-standard","has-post-thumbnail","hentry","category-portada","tag-sompresents"],"post_mailing_queue_ids":[],"_links":{"self":[{"href":"https:\/\/agora.xtec.cat\/ceellevant\/wp-json\/wp\/v2\/posts\/1674","targetHints":{"allow":["GET"]}}],"collection":[{"href":"https:\/\/agora.xtec.cat\/ceellevant\/wp-json\/wp\/v2\/posts"}],"about":[{"href":"https:\/\/agora.xtec.cat\/ceellevant\/wp-json\/wp\/v2\/types\/post"}],"author":[{"embeddable":true,"href":"https:\/\/agora.xtec.cat\/ceellevant\/wp-json\/wp\/v2\/users\/1"}],"replies":[{"embeddable":true,"href":"https:\/\/agora.xtec.cat\/ceellevant\/wp-json\/wp\/v2\/comments?post=1674"}],"version-history":[{"count":3,"href":"https:\/\/agora.xtec.cat\/ceellevant\/wp-json\/wp\/v2\/posts\/1674\/revisions"}],"predecessor-version":[{"id":1677,"href":"https:\/\/agora.xtec.cat\/ceellevant\/wp-json\/wp\/v2\/posts\/1674\/revisions\/1677"}],"wp:featuredmedia":[{"embeddable":true,"href":"https:\/\/agora.xtec.cat\/ceellevant\/wp-json\/wp\/v2\/media\/1275"}],"wp:attachment":[{"href":"https:\/\/agora.xtec.cat\/ceellevant\/wp-json\/wp\/v2\/media?parent=1674"}],"wp:term":[{"taxonomy":"category","embeddable":true,"href":"https:\/\/agora.xtec.cat\/ceellevant\/wp-json\/wp\/v2\/categories?post=1674"},{"taxonomy":"post_tag","embeddable":true,"href":"https:\/\/agora.xtec.cat\/ceellevant\/wp-json\/wp\/v2\/tags?post=1674"}],"curies":[{"name":"wp","href":"https:\/\/api.w.org\/{rel}","templated":true}]}}