{"id":1670,"date":"2018-01-19T12:21:44","date_gmt":"2018-01-19T11:21:44","guid":{"rendered":"http:\/\/agora.xtec.cat\/ceellevant\/?p=1670"},"modified":"2018-01-19T12:21:44","modified_gmt":"2018-01-19T11:21:44","slug":"projecte-de-musica-concert-iea-oriol-martorell","status":"publish","type":"post","link":"https:\/\/agora.xtec.cat\/ceellevant\/portada\/projecte-de-musica-concert-iea-oriol-martorell\/","title":{"rendered":"PROJECTE DE M\u00daSICA. CONCERT IEA ORIOL MARTORELL"},"content":{"rendered":"<p><iframe loading=\"lazy\" title=\"Concert CEE Llevant i IEA Oriol Martorell.\" width=\"500\" height=\"281\" src=\"https:\/\/www.youtube.com\/embed\/ZjhXE_m86IE?feature=oembed\" frameborder=\"0\" allow=\"accelerometer; autoplay; clipboard-write; encrypted-media; gyroscope; picture-in-picture; web-share\" referrerpolicy=\"strict-origin-when-cross-origin\" allowfullscreen><\/iframe><\/p>\n<p>Des de fa ja uns anys, la nostra escola porta a terme un projecte en col\u00b7laboraci\u00f3 amb una mestra del Conservatori de M\u00fasica de Badalona, que cada any t\u00e9 la cloenda en el Concert de Final de curs que fem conjuntament amb l&#8217;IEA Oriol Martorell de Barcelona. En aquest video podeu veure una mostra!<\/p>\n<p style=\"text-align: center;\"><strong>CEE Llevant de Badalona<\/strong><\/p>\n<p style=\"text-align: center;\"><strong>IEA Oriol Martorell de Barcelona<\/strong><\/p>\n<p style=\"text-align: center;\"><strong>Conservatori de M\u00fasica de Badalona<\/strong><\/p>\n<p style=\"text-align: center;\">\n<p style=\"text-align: center;\">\n<p>&nbsp;<\/p>\n","protected":false},"excerpt":{"rendered":"<p>Des de fa ja uns anys, la nostra escola porta a terme un projecte en col\u00b7laboraci\u00f3 amb una mestra del Conservatori de M\u00fasica de Badalona, que cada any t\u00e9 la cloenda en el Concert de Final de curs que fem conjuntament amb l&#8217;IEA Oriol Martorell&hellip;  <a href=\"https:\/\/agora.xtec.cat\/ceellevant\/portada\/projecte-de-musica-concert-iea-oriol-martorell\/\" title=\"Read PROJECTE DE M\u00daSICA. CONCERT IEA ORIOL MARTORELL\">Llegeix m\u00e9s\u00bb<\/a><\/p>\n","protected":false},"author":1,"featured_media":1671,"comment_status":"open","ping_status":"closed","sticky":false,"template":"","format":"standard","meta":{"_bbp_topic_count":0,"_bbp_reply_count":0,"_bbp_total_topic_count":0,"_bbp_total_reply_count":0,"_bbp_voice_count":0,"_bbp_anonymous_reply_count":0,"_bbp_topic_count_hidden":0,"_bbp_reply_count_hidden":0,"_bbp_forum_subforum_count":0,"footnotes":""},"categories":[4],"tags":[93],"class_list":["post-1670","post","type-post","status-publish","format-standard","has-post-thumbnail","hentry","category-portada","tag-projecte-de-musica"],"post_mailing_queue_ids":[],"_links":{"self":[{"href":"https:\/\/agora.xtec.cat\/ceellevant\/wp-json\/wp\/v2\/posts\/1670","targetHints":{"allow":["GET"]}}],"collection":[{"href":"https:\/\/agora.xtec.cat\/ceellevant\/wp-json\/wp\/v2\/posts"}],"about":[{"href":"https:\/\/agora.xtec.cat\/ceellevant\/wp-json\/wp\/v2\/types\/post"}],"author":[{"embeddable":true,"href":"https:\/\/agora.xtec.cat\/ceellevant\/wp-json\/wp\/v2\/users\/1"}],"replies":[{"embeddable":true,"href":"https:\/\/agora.xtec.cat\/ceellevant\/wp-json\/wp\/v2\/comments?post=1670"}],"version-history":[{"count":1,"href":"https:\/\/agora.xtec.cat\/ceellevant\/wp-json\/wp\/v2\/posts\/1670\/revisions"}],"predecessor-version":[{"id":1672,"href":"https:\/\/agora.xtec.cat\/ceellevant\/wp-json\/wp\/v2\/posts\/1670\/revisions\/1672"}],"wp:featuredmedia":[{"embeddable":true,"href":"https:\/\/agora.xtec.cat\/ceellevant\/wp-json\/wp\/v2\/media\/1671"}],"wp:attachment":[{"href":"https:\/\/agora.xtec.cat\/ceellevant\/wp-json\/wp\/v2\/media?parent=1670"}],"wp:term":[{"taxonomy":"category","embeddable":true,"href":"https:\/\/agora.xtec.cat\/ceellevant\/wp-json\/wp\/v2\/categories?post=1670"},{"taxonomy":"post_tag","embeddable":true,"href":"https:\/\/agora.xtec.cat\/ceellevant\/wp-json\/wp\/v2\/tags?post=1670"}],"curies":[{"name":"wp","href":"https:\/\/api.w.org\/{rel}","templated":true}]}}