{"id":1349,"date":"2017-06-07T14:43:09","date_gmt":"2017-06-07T12:43:09","guid":{"rendered":"http:\/\/agora.xtec.cat\/ceellevant\/?p=1349"},"modified":"2017-06-07T21:12:30","modified_gmt":"2017-06-07T19:12:30","slug":"concert-de-final-de-curs","status":"publish","type":"post","link":"https:\/\/agora.xtec.cat\/ceellevant\/portada\/concert-de-final-de-curs\/","title":{"rendered":"CONCERT DE FINAL DE CURS"},"content":{"rendered":"<p style=\"text-align: center;\">CONCERT DE FINAL DE CURS<\/p>\n<p style=\"text-align: center;\"><a href=\"http:\/\/agora.xtec.cat\/ceellevant\/wp-content\/uploads\/usu999\/2017\/06\/orquesta.png\"><img loading=\"lazy\" decoding=\"async\" class=\"aligncenter wp-image-1364\" src=\"http:\/\/agora.xtec.cat\/ceellevant\/wp-content\/uploads\/usu999\/2017\/06\/orquesta-300x300.png\" alt=\"orquesta\" width=\"148\" height=\"148\" srcset=\"https:\/\/agora.xtec.cat\/ceellevant\/wp-content\/uploads\/usu999\/2017\/06\/orquesta-300x300.png 300w, https:\/\/agora.xtec.cat\/ceellevant\/wp-content\/uploads\/usu999\/2017\/06\/orquesta-150x150.png 150w, https:\/\/agora.xtec.cat\/ceellevant\/wp-content\/uploads\/usu999\/2017\/06\/orquesta.png 500w\" sizes=\"auto, (max-width: 148px) 100vw, 148px\" \/><\/a><\/p>\n<p style=\"text-align: center;\"><span style=\"color: #ff00ff;\"><b>Divendres 9 de juny de 2017<\/b><\/span><\/p>\n<p style=\"text-align: center;\"><span style=\"color: #ff00ff;\"><b>a les 11:00 h<\/b><\/span><\/p>\n<p style=\"text-align: center;\">A c\u00e0rrec d\u2019alumnes de:<\/p>\n<p style=\"text-align: center;\"><span style=\"font-weight: 400;\">&#8211; L\u2019Escola Llevant<\/span><\/p>\n<p style=\"text-align: center;\"><span style=\"font-weight: 400;\">&#8211; L\u2019Institut Escola Art\u00edstic Oriol Martorell<\/span><\/p>\n<p><span style=\"font-family: inherit; font-size: 1em;\">Des de fa uns quants anys el Conservatori Professional de M\u00fasica de la ciutat i l\u2019 Escola Llevant tenim un acord de col\u00b7laboraci\u00f3 que facilita que els nostres alumnes facin \u00a0una hora de m\u00fasica a la setmana a c\u00e0rrec de professorat del conservatori, treballant conjuntament amb les mestres de l\u2019escola.<\/span><\/p>\n<p>Al Concert de final de curs hi participen diferents grups instrumentals\u00a0d\u2019alumnes de secund\u00e0ria de l\u2019Institut Escola Art\u00edstic Oriol Martorell.<\/p>\n<p>Aquesta trobada la vivim de molt bon grat, at\u00e8s que es tracta de fer m\u00fasica amb un col\u00b7lectiu d\u2019alumnes de diferents centres, d\u2019intercanvi i de conviv\u00e8ncia entre tots els que hi participem.<\/p>\n<p><span style=\"font-weight: 400;\">Programa<\/span><\/p>\n<p><span style=\"font-weight: 400;\">El tortell&#8230;&#8230;&#8230;&#8230;&#8230;&#8230;&#8230;&#8230;&#8230;popular d&#8217;Hongria<\/span><\/p>\n<p><span style=\"font-weight: 400;\">La nau pirata&#8230;&#8230;&#8230;&#8230;&#8230;&#8230;&#8230;Francesc Vila<\/span><\/p>\n<p><span style=\"font-weight: 400;\">La fira&#8230;&#8230;&#8230;&#8230;&#8230;&#8230;&#8230;&#8230;&#8230;&#8230;popular d&#8217;Israel<\/span><\/p>\n<p><span style=\"font-weight: 400;\">La masovera&#8230;&#8230;&#8230;&#8230;&#8230;&#8230;&#8230;popular de Catalunya<\/span><\/p>\n<p>&nbsp;<\/p>\n<p><span style=\"font-weight: 400;\">Alumnes escola Llevant<\/span><\/p>\n<p><span style=\"font-weight: 400;\">Direcci\u00f3:\u00a0<\/span><span style=\"font-weight: 400;\">N\u00faria Losada<\/span><\/p>\n<p style=\"text-align: left;\"><a href=\"http:\/\/agora.xtec.cat\/ceellevant\/wp-content\/uploads\/usu999\/2017\/06\/directora_de_orquesta.png\"><img loading=\"lazy\" decoding=\"async\" class=\" wp-image-1362 alignleft\" src=\"http:\/\/agora.xtec.cat\/ceellevant\/wp-content\/uploads\/usu999\/2017\/06\/directora_de_orquesta-300x300.png\" alt=\"directora_de_orquesta\" width=\"100\" height=\"100\" srcset=\"https:\/\/agora.xtec.cat\/ceellevant\/wp-content\/uploads\/usu999\/2017\/06\/directora_de_orquesta-300x300.png 300w, https:\/\/agora.xtec.cat\/ceellevant\/wp-content\/uploads\/usu999\/2017\/06\/directora_de_orquesta-150x150.png 150w, https:\/\/agora.xtec.cat\/ceellevant\/wp-content\/uploads\/usu999\/2017\/06\/directora_de_orquesta.png 500w\" sizes=\"auto, (max-width: 100px) 100vw, 100px\" \/><\/a><\/p>\n<p>&nbsp;<\/p>\n<p>&nbsp;<\/p>\n<p>&nbsp;<\/p>\n<p>Amb la col\u00b7laboraci\u00f3 de:<\/p>\n<p><span style=\"font-weight: 400;\">Mar Borr\u00e1s, Emilia Gonz\u00e1lez i Merc\u00e8 Santamaria<\/span><\/p>\n<p><a href=\"http:\/\/agora.xtec.cat\/ceellevant\/wp-content\/uploads\/usu999\/2017\/06\/maestra.png\"><img loading=\"lazy\" decoding=\"async\" class=\" wp-image-1363 alignleft\" src=\"http:\/\/agora.xtec.cat\/ceellevant\/wp-content\/uploads\/usu999\/2017\/06\/maestra-300x300.png\" alt=\"maestra\" width=\"100\" height=\"100\" srcset=\"https:\/\/agora.xtec.cat\/ceellevant\/wp-content\/uploads\/usu999\/2017\/06\/maestra-300x300.png 300w, https:\/\/agora.xtec.cat\/ceellevant\/wp-content\/uploads\/usu999\/2017\/06\/maestra-150x150.png 150w, https:\/\/agora.xtec.cat\/ceellevant\/wp-content\/uploads\/usu999\/2017\/06\/maestra.png 500w\" sizes=\"auto, (max-width: 100px) 100vw, 100px\" \/><\/a><\/p>\n<p>&nbsp;<\/p>\n<p>&nbsp;<\/p>\n<p>&nbsp;<\/p>\n<p><span style=\"font-weight: 400;\">Marxa Radetzky&#8230;&#8230;&#8230;&#8230;&#8230;&#8230;..J.Strauss<\/span><\/p>\n<p><span style=\"font-weight: 400;\">Plens de la Patum&#8230;&#8230;&#8230;&#8230;&#8230;&#8230;Popular de Berga<\/span><\/p>\n<p>&nbsp;<\/p>\n<p><span style=\"font-weight: 400;\">Banda J.Lamote de Grignon de l&#8217;IEA Oriol Martorell<\/span><\/p>\n<p><span style=\"font-weight: 400;\">Alumnes de l&#8217;escola Llevant\u00a0<\/span><\/p>\n<p>&nbsp;<\/p>\n<p><span style=\"font-weight: 400;\">Direcci\u00f3:\u00a0<\/span><span style=\"font-weight: 400;\">Jordi Arcos i N\u00faria Losada<\/span><\/p>\n<p><a href=\"http:\/\/agora.xtec.cat\/ceellevant\/wp-content\/uploads\/usu999\/2017\/06\/director_de_orquesta.png\"><img loading=\"lazy\" decoding=\"async\" class=\" wp-image-1361 alignleft\" src=\"http:\/\/agora.xtec.cat\/ceellevant\/wp-content\/uploads\/usu999\/2017\/06\/director_de_orquesta-300x300.png\" alt=\"director_de_orquesta\" width=\"109\" height=\"109\" srcset=\"https:\/\/agora.xtec.cat\/ceellevant\/wp-content\/uploads\/usu999\/2017\/06\/director_de_orquesta-300x300.png 300w, https:\/\/agora.xtec.cat\/ceellevant\/wp-content\/uploads\/usu999\/2017\/06\/director_de_orquesta-150x150.png 150w, https:\/\/agora.xtec.cat\/ceellevant\/wp-content\/uploads\/usu999\/2017\/06\/director_de_orquesta.png 500w\" sizes=\"auto, (max-width: 109px) 100vw, 109px\" \/><\/a><\/p>\n<p><a href=\"http:\/\/agora.xtec.cat\/ceellevant\/wp-content\/uploads\/usu999\/2017\/06\/directora_de_orquesta.png\"><img loading=\"lazy\" decoding=\"async\" class=\"wp-image-1362 alignleft\" src=\"http:\/\/agora.xtec.cat\/ceellevant\/wp-content\/uploads\/usu999\/2017\/06\/directora_de_orquesta-300x300.png\" alt=\"directora_de_orquesta\" width=\"105\" height=\"105\" srcset=\"https:\/\/agora.xtec.cat\/ceellevant\/wp-content\/uploads\/usu999\/2017\/06\/directora_de_orquesta-300x300.png 300w, https:\/\/agora.xtec.cat\/ceellevant\/wp-content\/uploads\/usu999\/2017\/06\/directora_de_orquesta-150x150.png 150w, https:\/\/agora.xtec.cat\/ceellevant\/wp-content\/uploads\/usu999\/2017\/06\/directora_de_orquesta.png 500w\" sizes=\"auto, (max-width: 105px) 100vw, 105px\" \/><\/a><\/p>\n","protected":false},"excerpt":{"rendered":"<p>CONCERT DE FINAL DE CURS<br \/>\n<a href=\"http:\/\/agora.xtec.cat\/ceellevant\/wp-content\/uploads\/usu999\/2017\/06\/orquesta.png\"><\/a><br \/>\nDivendres 9 de juny de 2017<br \/>\na les 11:00 h<br \/>\nA c\u00e0rrec d\u2019alumnes de:<br \/>\n&#8211; L\u2019Escola Llevant<br \/>\n&#8211; L\u2019Institut Escola Art\u00edstic Oriol Martorell<br \/>\nDes de fa uns quants anys el Conservatori Professional de M\u00fasica de la ciutat i l\u2019 Escola Llevant tenim un acord de&hellip;  <a href=\"https:\/\/agora.xtec.cat\/ceellevant\/portada\/concert-de-final-de-curs\/\" title=\"Read CONCERT DE FINAL DE CURS\">Llegeix m\u00e9s\u00bb<\/a><\/p>\n","protected":false},"author":1,"featured_media":1348,"comment_status":"open","ping_status":"closed","sticky":false,"template":"","format":"standard","meta":{"_bbp_topic_count":0,"_bbp_reply_count":0,"_bbp_total_topic_count":0,"_bbp_total_reply_count":0,"_bbp_voice_count":0,"_bbp_anonymous_reply_count":0,"_bbp_topic_count_hidden":0,"_bbp_reply_count_hidden":0,"_bbp_forum_subforum_count":0,"footnotes":""},"categories":[4],"tags":[92,93],"class_list":["post-1349","post","type-post","status-publish","format-standard","has-post-thumbnail","hentry","category-portada","tag-concert","tag-projecte-de-musica"],"post_mailing_queue_ids":[],"_links":{"self":[{"href":"https:\/\/agora.xtec.cat\/ceellevant\/wp-json\/wp\/v2\/posts\/1349","targetHints":{"allow":["GET"]}}],"collection":[{"href":"https:\/\/agora.xtec.cat\/ceellevant\/wp-json\/wp\/v2\/posts"}],"about":[{"href":"https:\/\/agora.xtec.cat\/ceellevant\/wp-json\/wp\/v2\/types\/post"}],"author":[{"embeddable":true,"href":"https:\/\/agora.xtec.cat\/ceellevant\/wp-json\/wp\/v2\/users\/1"}],"replies":[{"embeddable":true,"href":"https:\/\/agora.xtec.cat\/ceellevant\/wp-json\/wp\/v2\/comments?post=1349"}],"version-history":[{"count":3,"href":"https:\/\/agora.xtec.cat\/ceellevant\/wp-json\/wp\/v2\/posts\/1349\/revisions"}],"predecessor-version":[{"id":1365,"href":"https:\/\/agora.xtec.cat\/ceellevant\/wp-json\/wp\/v2\/posts\/1349\/revisions\/1365"}],"wp:featuredmedia":[{"embeddable":true,"href":"https:\/\/agora.xtec.cat\/ceellevant\/wp-json\/wp\/v2\/media\/1348"}],"wp:attachment":[{"href":"https:\/\/agora.xtec.cat\/ceellevant\/wp-json\/wp\/v2\/media?parent=1349"}],"wp:term":[{"taxonomy":"category","embeddable":true,"href":"https:\/\/agora.xtec.cat\/ceellevant\/wp-json\/wp\/v2\/categories?post=1349"},{"taxonomy":"post_tag","embeddable":true,"href":"https:\/\/agora.xtec.cat\/ceellevant\/wp-json\/wp\/v2\/tags?post=1349"}],"curies":[{"name":"wp","href":"https:\/\/api.w.org\/{rel}","templated":true}]}}