{"id":1328,"date":"2017-05-23T13:33:52","date_gmt":"2017-05-23T11:33:52","guid":{"rendered":"http:\/\/agora.xtec.cat\/ceellevant\/?p=1328"},"modified":"2017-05-23T13:33:52","modified_gmt":"2017-05-23T11:33:52","slug":"vacances-en-familia-2017","status":"publish","type":"post","link":"https:\/\/agora.xtec.cat\/ceellevant\/portada\/vacances-en-familia-2017\/","title":{"rendered":"VACANCES EN FAMILIA 2017"},"content":{"rendered":"<h3><em>Preinscripcions del 22\u00a0de maig a les 12 hores fins el 12 de juny a la mateixa hora<\/em><\/h3>\n<p>El Departament de Treball, Afers Socials i Fam\u00edlies,\u00a0obrir\u00e0 aquest dilluns 22 de maig a les 12 hores el per\u00edode de preinscripcions per participar a la segona convocat\u00f2ria del programa Vacances en fam\u00edlia.<\/p>\n<p>El programa facilita\u00a0a les fam\u00edlies residents a Catalunya, amb fills i filles menors de 18 anys, la possibilitat de gaudir d&#8217;unes vacances a preus molt avantatjosos.<\/p>\n<p><a href=\"http:\/\/agora.xtec.cat\/ceellevant\/wp-content\/uploads\/usu999\/2017\/05\/vancances-en-familia.png\"><img loading=\"lazy\" decoding=\"async\" class=\"aligncenter size-medium wp-image-1327\" src=\"http:\/\/agora.xtec.cat\/ceellevant\/wp-content\/uploads\/usu999\/2017\/05\/vancances-en-familia-300x300.png\" alt=\"vancances en familia\" width=\"300\" height=\"300\" srcset=\"https:\/\/agora.xtec.cat\/ceellevant\/wp-content\/uploads\/usu999\/2017\/05\/vancances-en-familia-300x300.png 300w, https:\/\/agora.xtec.cat\/ceellevant\/wp-content\/uploads\/usu999\/2017\/05\/vancances-en-familia-150x150.png 150w, https:\/\/agora.xtec.cat\/ceellevant\/wp-content\/uploads\/usu999\/2017\/05\/vancances-en-familia-768x770.png 768w, https:\/\/agora.xtec.cat\/ceellevant\/wp-content\/uploads\/usu999\/2017\/05\/vancances-en-familia-1022x1024.png 1022w, https:\/\/agora.xtec.cat\/ceellevant\/wp-content\/uploads\/usu999\/2017\/05\/vancances-en-familia.png 1277w\" sizes=\"auto, (max-width: 300px) 100vw, 300px\" \/><\/a><\/p>\n","protected":false},"excerpt":{"rendered":"<p>Preinscripcions del 22\u00a0de maig a les 12 hores fins el 12 de juny a la mateixa hora<br \/>\nEl Departament de Treball, Afers Socials i Fam\u00edlies,\u00a0obrir\u00e0 aquest dilluns 22 de maig a les 12 hores el per\u00edode de preinscripcions per participar a la segona convocat\u00f2ria del programa&hellip;  <a href=\"https:\/\/agora.xtec.cat\/ceellevant\/portada\/vacances-en-familia-2017\/\" title=\"Read VACANCES EN FAMILIA 2017\">Llegeix m\u00e9s\u00bb<\/a><\/p>\n","protected":false},"author":1,"featured_media":1327,"comment_status":"open","ping_status":"open","sticky":false,"template":"","format":"standard","meta":{"_bbp_topic_count":0,"_bbp_reply_count":0,"_bbp_total_topic_count":0,"_bbp_total_reply_count":0,"_bbp_voice_count":0,"_bbp_anonymous_reply_count":0,"_bbp_topic_count_hidden":0,"_bbp_reply_count_hidden":0,"_bbp_forum_subforum_count":0,"footnotes":""},"categories":[7,4],"tags":[94],"class_list":["post-1328","post","type-post","status-publish","format-standard","has-post-thumbnail","hentry","category-afa","category-portada","tag-vacancesenfamilia"],"post_mailing_queue_ids":[],"_links":{"self":[{"href":"https:\/\/agora.xtec.cat\/ceellevant\/wp-json\/wp\/v2\/posts\/1328","targetHints":{"allow":["GET"]}}],"collection":[{"href":"https:\/\/agora.xtec.cat\/ceellevant\/wp-json\/wp\/v2\/posts"}],"about":[{"href":"https:\/\/agora.xtec.cat\/ceellevant\/wp-json\/wp\/v2\/types\/post"}],"author":[{"embeddable":true,"href":"https:\/\/agora.xtec.cat\/ceellevant\/wp-json\/wp\/v2\/users\/1"}],"replies":[{"embeddable":true,"href":"https:\/\/agora.xtec.cat\/ceellevant\/wp-json\/wp\/v2\/comments?post=1328"}],"version-history":[{"count":1,"href":"https:\/\/agora.xtec.cat\/ceellevant\/wp-json\/wp\/v2\/posts\/1328\/revisions"}],"predecessor-version":[{"id":1329,"href":"https:\/\/agora.xtec.cat\/ceellevant\/wp-json\/wp\/v2\/posts\/1328\/revisions\/1329"}],"wp:featuredmedia":[{"embeddable":true,"href":"https:\/\/agora.xtec.cat\/ceellevant\/wp-json\/wp\/v2\/media\/1327"}],"wp:attachment":[{"href":"https:\/\/agora.xtec.cat\/ceellevant\/wp-json\/wp\/v2\/media?parent=1328"}],"wp:term":[{"taxonomy":"category","embeddable":true,"href":"https:\/\/agora.xtec.cat\/ceellevant\/wp-json\/wp\/v2\/categories?post=1328"},{"taxonomy":"post_tag","embeddable":true,"href":"https:\/\/agora.xtec.cat\/ceellevant\/wp-json\/wp\/v2\/tags?post=1328"}],"curies":[{"name":"wp","href":"https:\/\/api.w.org\/{rel}","templated":true}]}}