{"id":1299,"date":"2017-05-09T13:06:48","date_gmt":"2017-05-09T11:06:48","guid":{"rendered":"http:\/\/agora.xtec.cat\/ceellevant\/?p=1299"},"modified":"2017-05-17T16:36:52","modified_gmt":"2017-05-17T14:36:52","slug":"consell-de-la-infancia-de-badalona","status":"publish","type":"post","link":"https:\/\/agora.xtec.cat\/ceellevant\/portada\/consell-de-la-infancia-de-badalona\/","title":{"rendered":"CONSELL DE LA INF\u00c0NCIA DE BADALONA"},"content":{"rendered":"<p><a href=\"http:\/\/agora.xtec.cat\/ceellevant\/wp-content\/uploads\/usu999\/2017\/05\/0001-1.jpg\"><img loading=\"lazy\" decoding=\"async\" class=\"aligncenter size-large wp-image-1304\" src=\"http:\/\/agora.xtec.cat\/ceellevant\/wp-content\/uploads\/usu999\/2017\/05\/0001-1-724x1024.jpg\" alt=\"WHY1\" width=\"724\" height=\"1024\" srcset=\"https:\/\/agora.xtec.cat\/ceellevant\/wp-content\/uploads\/usu999\/2017\/05\/0001-1-724x1024.jpg 724w, https:\/\/agora.xtec.cat\/ceellevant\/wp-content\/uploads\/usu999\/2017\/05\/0001-1-212x300.jpg 212w, https:\/\/agora.xtec.cat\/ceellevant\/wp-content\/uploads\/usu999\/2017\/05\/0001-1-768x1087.jpg 768w\" sizes=\"auto, (max-width: 724px) 100vw, 724px\" \/><\/a><\/p>\n<p><a href=\"http:\/\/agora.xtec.cat\/ceellevant\/wp-content\/uploads\/usu999\/2017\/05\/0002-1.jpg\"><img loading=\"lazy\" decoding=\"async\" class=\"aligncenter size-large wp-image-1303\" src=\"http:\/\/agora.xtec.cat\/ceellevant\/wp-content\/uploads\/usu999\/2017\/05\/0002-1-724x1024.jpg\" alt=\"WHI2\" width=\"724\" height=\"1024\" srcset=\"https:\/\/agora.xtec.cat\/ceellevant\/wp-content\/uploads\/usu999\/2017\/05\/0002-1-724x1024.jpg 724w, https:\/\/agora.xtec.cat\/ceellevant\/wp-content\/uploads\/usu999\/2017\/05\/0002-1-212x300.jpg 212w, https:\/\/agora.xtec.cat\/ceellevant\/wp-content\/uploads\/usu999\/2017\/05\/0002-1-768x1087.jpg 768w\" sizes=\"auto, (max-width: 724px) 100vw, 724px\" \/><\/a><\/p>\n<p>Si cliqueu a l&#8217;enlla\u00e7 podeu accedir al blog del CIB per tenir m\u00e9s informaci\u00f3.<\/p>\n<p><a href=\"http:\/\/consellinfantsbadalona.cat\/\" target=\"_blank\">El blog del Consell d&#8217;Infants de Badalona<\/a><\/p>\n","protected":false},"excerpt":{"rendered":"<p><a href=\"http:\/\/agora.xtec.cat\/ceellevant\/wp-content\/uploads\/usu999\/2017\/05\/0001-1.jpg\"><\/a><br \/>\n<a href=\"http:\/\/agora.xtec.cat\/ceellevant\/wp-content\/uploads\/usu999\/2017\/05\/0002-1.jpg\"><\/a><br \/>\nSi cliqueu a l&#8217;enlla\u00e7 podeu accedir al blog del CIB per tenir m\u00e9s informaci\u00f3.<br \/>\n<a href=\"http:\/\/consellinfantsbadalona.cat\/\" target=\"_blank\">El blog del Consell d&#8217;Infants de Badalona<\/a><\/p>\n","protected":false},"author":1,"featured_media":0,"comment_status":"open","ping_status":"open","sticky":false,"template":"","format":"standard","meta":{"_bbp_topic_count":0,"_bbp_reply_count":0,"_bbp_total_topic_count":0,"_bbp_total_reply_count":0,"_bbp_voice_count":0,"_bbp_anonymous_reply_count":0,"_bbp_topic_count_hidden":0,"_bbp_reply_count_hidden":0,"_bbp_forum_subforum_count":0,"footnotes":""},"categories":[4],"tags":[],"class_list":["post-1299","post","type-post","status-publish","format-standard","hentry","category-portada"],"post_mailing_queue_ids":[],"_links":{"self":[{"href":"https:\/\/agora.xtec.cat\/ceellevant\/wp-json\/wp\/v2\/posts\/1299","targetHints":{"allow":["GET"]}}],"collection":[{"href":"https:\/\/agora.xtec.cat\/ceellevant\/wp-json\/wp\/v2\/posts"}],"about":[{"href":"https:\/\/agora.xtec.cat\/ceellevant\/wp-json\/wp\/v2\/types\/post"}],"author":[{"embeddable":true,"href":"https:\/\/agora.xtec.cat\/ceellevant\/wp-json\/wp\/v2\/users\/1"}],"replies":[{"embeddable":true,"href":"https:\/\/agora.xtec.cat\/ceellevant\/wp-json\/wp\/v2\/comments?post=1299"}],"version-history":[{"count":3,"href":"https:\/\/agora.xtec.cat\/ceellevant\/wp-json\/wp\/v2\/posts\/1299\/revisions"}],"predecessor-version":[{"id":1308,"href":"https:\/\/agora.xtec.cat\/ceellevant\/wp-json\/wp\/v2\/posts\/1299\/revisions\/1308"}],"wp:attachment":[{"href":"https:\/\/agora.xtec.cat\/ceellevant\/wp-json\/wp\/v2\/media?parent=1299"}],"wp:term":[{"taxonomy":"category","embeddable":true,"href":"https:\/\/agora.xtec.cat\/ceellevant\/wp-json\/wp\/v2\/categories?post=1299"},{"taxonomy":"post_tag","embeddable":true,"href":"https:\/\/agora.xtec.cat\/ceellevant\/wp-json\/wp\/v2\/tags?post=1299"}],"curies":[{"name":"wp","href":"https:\/\/api.w.org\/{rel}","templated":true}]}}