{"id":1253,"date":"2017-04-25T13:32:39","date_gmt":"2017-04-25T11:32:39","guid":{"rendered":"http:\/\/agora.xtec.cat\/ceellevant\/?p=1253"},"modified":"2017-04-26T12:33:57","modified_gmt":"2017-04-26T10:33:57","slug":"museu-de-les-il%c2%b7lusions-2","status":"publish","type":"post","link":"https:\/\/agora.xtec.cat\/ceellevant\/portada\/museu-de-les-il%c2%b7lusions-2\/","title":{"rendered":"MUSEU DE LES IL\u00b7LUSIONS"},"content":{"rendered":"<p>Els alumnes del Cicle Mitj\u00e0\u00a0 hem anat a visitar el Museu de les Il.lusions a Barcelona.<\/p>\n<p>Hem agafat la L\u00ednia 2 del metro fins la Pla\u00e7a Universitat i, despr\u00e9s, hem anat caminant fins el Museu.<\/p>\n<p>En el Museu ens hem pogut fer fotografies en els millors escenaris fant\u00e0stics (pel\u00b7l\u00edcules, dibuixos animats, monuments, etc).<\/p>\n<p>Ens ha agradat molt anar-hi i quan hem vist les fotos, hem al.lucinat !<\/p>\n<p><iframe loading=\"lazy\" title=\"MUSEU DE LES IL\u2022LUSIONS CICLE MITJ\u00c0\" width=\"500\" height=\"281\" src=\"https:\/\/www.youtube.com\/embed\/JQ0osKEryWM?feature=oembed\" frameborder=\"0\" allow=\"accelerometer; autoplay; clipboard-write; encrypted-media; gyroscope; picture-in-picture; web-share\" referrerpolicy=\"strict-origin-when-cross-origin\" allowfullscreen><\/iframe><\/p>\n","protected":false},"excerpt":{"rendered":"<p>Els alumnes del Cicle Mitj\u00e0\u00a0 hem anat a visitar el Museu de les Il.lusions a Barcelona.<br \/>\nHem agafat la L\u00ednia 2 del metro fins la Pla\u00e7a Universitat i, despr\u00e9s, hem anat caminant fins el Museu.<br \/>\nEn el Museu ens hem pogut fer fotografies en els millors escenaris&hellip;  <a href=\"https:\/\/agora.xtec.cat\/ceellevant\/portada\/museu-de-les-il%c2%b7lusions-2\/\" title=\"Read MUSEU DE LES IL\u00b7LUSIONS\">Llegeix m\u00e9s\u00bb<\/a><\/p>\n","protected":false},"author":1,"featured_media":1254,"comment_status":"open","ping_status":"open","sticky":false,"template":"","format":"standard","meta":{"_bbp_topic_count":0,"_bbp_reply_count":0,"_bbp_total_topic_count":0,"_bbp_total_reply_count":0,"_bbp_voice_count":0,"_bbp_anonymous_reply_count":0,"_bbp_topic_count_hidden":0,"_bbp_reply_count_hidden":0,"_bbp_forum_subforum_count":0,"footnotes":""},"categories":[47,4],"tags":[16],"class_list":["post-1253","post","type-post","status-publish","format-standard","has-post-thumbnail","hentry","category-cicle-mitja","category-portada","tag-sortides"],"post_mailing_queue_ids":[],"_links":{"self":[{"href":"https:\/\/agora.xtec.cat\/ceellevant\/wp-json\/wp\/v2\/posts\/1253","targetHints":{"allow":["GET"]}}],"collection":[{"href":"https:\/\/agora.xtec.cat\/ceellevant\/wp-json\/wp\/v2\/posts"}],"about":[{"href":"https:\/\/agora.xtec.cat\/ceellevant\/wp-json\/wp\/v2\/types\/post"}],"author":[{"embeddable":true,"href":"https:\/\/agora.xtec.cat\/ceellevant\/wp-json\/wp\/v2\/users\/1"}],"replies":[{"embeddable":true,"href":"https:\/\/agora.xtec.cat\/ceellevant\/wp-json\/wp\/v2\/comments?post=1253"}],"version-history":[{"count":2,"href":"https:\/\/agora.xtec.cat\/ceellevant\/wp-json\/wp\/v2\/posts\/1253\/revisions"}],"predecessor-version":[{"id":1262,"href":"https:\/\/agora.xtec.cat\/ceellevant\/wp-json\/wp\/v2\/posts\/1253\/revisions\/1262"}],"wp:featuredmedia":[{"embeddable":true,"href":"https:\/\/agora.xtec.cat\/ceellevant\/wp-json\/wp\/v2\/media\/1254"}],"wp:attachment":[{"href":"https:\/\/agora.xtec.cat\/ceellevant\/wp-json\/wp\/v2\/media?parent=1253"}],"wp:term":[{"taxonomy":"category","embeddable":true,"href":"https:\/\/agora.xtec.cat\/ceellevant\/wp-json\/wp\/v2\/categories?post=1253"},{"taxonomy":"post_tag","embeddable":true,"href":"https:\/\/agora.xtec.cat\/ceellevant\/wp-json\/wp\/v2\/tags?post=1253"}],"curies":[{"name":"wp","href":"https:\/\/api.w.org\/{rel}","templated":true}]}}