{"id":1251,"date":"2017-04-21T10:28:14","date_gmt":"2017-04-21T08:28:14","guid":{"rendered":"http:\/\/agora.xtec.cat\/ceellevant\/?p=1251"},"modified":"2017-04-21T10:28:14","modified_gmt":"2017-04-21T08:28:14","slug":"tsi-cuidam","status":"publish","type":"post","link":"https:\/\/agora.xtec.cat\/ceellevant\/portada\/tsi-cuidam\/","title":{"rendered":"TSI CUIDA&#8217;M"},"content":{"rendered":"<p><a href=\"http:\/\/agora.xtec.cat\/ceellevant\/wp-content\/uploads\/usu999\/2017\/04\/98d04446-7813-4c19-8ffc-233e6ad41440.png\"><img loading=\"lazy\" decoding=\"async\" class=\"aligncenter  wp-image-1250\" src=\"http:\/\/agora.xtec.cat\/ceellevant\/wp-content\/uploads\/usu999\/2017\/04\/98d04446-7813-4c19-8ffc-233e6ad41440.png\" alt=\"98d04446-7813-4c19-8ffc-233e6ad41440\" width=\"341\" height=\"188\" srcset=\"https:\/\/agora.xtec.cat\/ceellevant\/wp-content\/uploads\/usu999\/2017\/04\/98d04446-7813-4c19-8ffc-233e6ad41440.png 682w, https:\/\/agora.xtec.cat\/ceellevant\/wp-content\/uploads\/usu999\/2017\/04\/98d04446-7813-4c19-8ffc-233e6ad41440-300x165.png 300w\" sizes=\"auto, (max-width: 341px) 100vw, 341px\" \/><\/a><\/p>\n<p>Aquesta targeta sanit\u00e0ria identifica aquelles persones que per les seves caracter\u00edstiques cl\u00edniques espec\u00edfiques necessiten un conjunt d\u2019actuacions diferenciades en la seva relaci\u00f3 amb els professionals i els serveis sanitaris.<\/p>\n<p>Identificar des del mateix moment d\u2019acc\u00e9s als serveis de salut les persones amb la TSI Cuida\u2019m permet que siguin immediatament reconegudes per l\u2019equip assistencial i se\u2019ls pugui prestar una atenci\u00f3 diferenciada i m\u00e9s adaptada a les seves necessitats.<\/p>\n<p>Podeu trobar tota la informaci\u00f3 en l\u2019enlla\u00e7<\/p>\n<p><a href=\"http:\/\/catsalut.gencat.cat\/ca\/proveidors-professionals\/tsi-cuidam\/\" target=\"_blank\">http:\/\/catsalut.gencat.cat\/ca\/proveidors-professionals\/tsi-cuidam\/<\/a><\/p>\n","protected":false},"excerpt":{"rendered":"<p><a href=\"http:\/\/agora.xtec.cat\/ceellevant\/wp-content\/uploads\/usu999\/2017\/04\/98d04446-7813-4c19-8ffc-233e6ad41440.png\"><\/a><br \/>\nAquesta targeta sanit\u00e0ria identifica aquelles persones que per les seves caracter\u00edstiques cl\u00edniques espec\u00edfiques necessiten un conjunt d\u2019actuacions diferenciades en la seva relaci\u00f3 amb els professionals i els serveis sanitaris.<br \/>\nIdentificar des del mateix moment d\u2019acc\u00e9s als serveis de salut les persones amb la TSI Cuida\u2019m&hellip;  <a href=\"https:\/\/agora.xtec.cat\/ceellevant\/portada\/tsi-cuidam\/\" title=\"Read TSI CUIDA&#8217;M\">Llegeix m\u00e9s\u00bb<\/a><\/p>\n","protected":false},"author":1,"featured_media":1250,"comment_status":"open","ping_status":"open","sticky":false,"template":"","format":"standard","meta":{"_bbp_topic_count":0,"_bbp_reply_count":0,"_bbp_total_topic_count":0,"_bbp_total_reply_count":0,"_bbp_voice_count":0,"_bbp_anonymous_reply_count":0,"_bbp_topic_count_hidden":0,"_bbp_reply_count_hidden":0,"_bbp_forum_subforum_count":0,"footnotes":""},"categories":[4],"tags":[89],"class_list":["post-1251","post","type-post","status-publish","format-standard","has-post-thumbnail","hentry","category-portada","tag-sanitat"],"post_mailing_queue_ids":[],"_links":{"self":[{"href":"https:\/\/agora.xtec.cat\/ceellevant\/wp-json\/wp\/v2\/posts\/1251","targetHints":{"allow":["GET"]}}],"collection":[{"href":"https:\/\/agora.xtec.cat\/ceellevant\/wp-json\/wp\/v2\/posts"}],"about":[{"href":"https:\/\/agora.xtec.cat\/ceellevant\/wp-json\/wp\/v2\/types\/post"}],"author":[{"embeddable":true,"href":"https:\/\/agora.xtec.cat\/ceellevant\/wp-json\/wp\/v2\/users\/1"}],"replies":[{"embeddable":true,"href":"https:\/\/agora.xtec.cat\/ceellevant\/wp-json\/wp\/v2\/comments?post=1251"}],"version-history":[{"count":1,"href":"https:\/\/agora.xtec.cat\/ceellevant\/wp-json\/wp\/v2\/posts\/1251\/revisions"}],"predecessor-version":[{"id":1252,"href":"https:\/\/agora.xtec.cat\/ceellevant\/wp-json\/wp\/v2\/posts\/1251\/revisions\/1252"}],"wp:featuredmedia":[{"embeddable":true,"href":"https:\/\/agora.xtec.cat\/ceellevant\/wp-json\/wp\/v2\/media\/1250"}],"wp:attachment":[{"href":"https:\/\/agora.xtec.cat\/ceellevant\/wp-json\/wp\/v2\/media?parent=1251"}],"wp:term":[{"taxonomy":"category","embeddable":true,"href":"https:\/\/agora.xtec.cat\/ceellevant\/wp-json\/wp\/v2\/categories?post=1251"},{"taxonomy":"post_tag","embeddable":true,"href":"https:\/\/agora.xtec.cat\/ceellevant\/wp-json\/wp\/v2\/tags?post=1251"}],"curies":[{"name":"wp","href":"https:\/\/api.w.org\/{rel}","templated":true}]}}