{"id":1244,"date":"2017-04-20T13:20:05","date_gmt":"2017-04-20T11:20:05","guid":{"rendered":"http:\/\/agora.xtec.cat\/ceellevant\/?p=1244"},"modified":"2017-04-26T19:46:05","modified_gmt":"2017-04-26T17:46:05","slug":"diada-de-lescola-publica","status":"publish","type":"post","link":"https:\/\/agora.xtec.cat\/ceellevant\/portada\/diada-de-lescola-publica\/","title":{"rendered":"DIADA DE L&#8217;ESCOLA P\u00daBLICA"},"content":{"rendered":"<p>El diumenge dia 2 d\u2019abril d\u2019enguany l\u2019AMPA de l\u2019escola va participar en la 7a diada de l\u2019Educaci\u00f3 P\u00fablica de Badalona amb el lema \u201cFem-la nostra\u201d.<\/p>\n<p>Com en l\u2019anterior edici\u00f3 es va oferir a tots els presents que volguessin la possibilitat de personalitzar una tassa.<\/p>\n<p>L\u2019\u00e8xit va ser total cap a les 15h ja no quedava cap de les 300 tasses que van posar a disposici\u00f3 dels nens i nenes que van participaven de la Diada.<\/p>\n<p>La Diada va coincidir amb el dia mundial de Conscienciaci\u00f3 de l\u2019Autisme i l\u2019AMPA va\u00a0 aprofitar per donar-ho a con\u00e8ixer.<\/p>\n<p>\u00c9s molt important participar d\u2019activitats de ciutat per refor\u00e7ar la nostra pres\u00e8ncia i fer-nos un espai on es pugui fer visible quin \u00e9s el nostre potencial hum\u00e0 i amb el temps i mica en mica ajudar a que la nostra societat sigui m\u00e9s inclusiva on tots, sense difer\u00e8ncies i amb les nostres difer\u00e8ncies arribem a ser ciutadans de ple dret.<\/p>\n<p><iframe loading=\"lazy\" title=\"Diada de l&#039;ensenyament 2017. Escola Llevant\" width=\"500\" height=\"375\" src=\"https:\/\/www.youtube.com\/embed\/ftLVbELnTJ4?feature=oembed\" frameborder=\"0\" allow=\"accelerometer; autoplay; clipboard-write; encrypted-media; gyroscope; picture-in-picture; web-share\" referrerpolicy=\"strict-origin-when-cross-origin\" allowfullscreen><\/iframe><\/p>\n","protected":false},"excerpt":{"rendered":"<p>El diumenge dia 2 d\u2019abril d\u2019enguany l\u2019AMPA de l\u2019escola va participar en la 7a diada de l\u2019Educaci\u00f3 P\u00fablica de Badalona amb el lema \u201cFem-la nostra\u201d.<br \/>\nCom en l\u2019anterior edici\u00f3 es va oferir a tots els presents que volguessin la possibilitat de personalitzar una tassa.<br \/>\nL\u2019\u00e8xit va ser&hellip;  <a href=\"https:\/\/agora.xtec.cat\/ceellevant\/portada\/diada-de-lescola-publica\/\" title=\"Read DIADA DE L&#8217;ESCOLA P\u00daBLICA\">Llegeix m\u00e9s\u00bb<\/a><\/p>\n","protected":false},"author":1,"featured_media":1245,"comment_status":"open","ping_status":"open","sticky":false,"template":"","format":"standard","meta":{"_bbp_topic_count":0,"_bbp_reply_count":0,"_bbp_total_topic_count":0,"_bbp_total_reply_count":0,"_bbp_voice_count":0,"_bbp_anonymous_reply_count":0,"_bbp_topic_count_hidden":0,"_bbp_reply_count_hidden":0,"_bbp_forum_subforum_count":0,"footnotes":""},"categories":[7,4],"tags":[],"class_list":["post-1244","post","type-post","status-publish","format-standard","has-post-thumbnail","hentry","category-afa","category-portada"],"post_mailing_queue_ids":[],"_links":{"self":[{"href":"https:\/\/agora.xtec.cat\/ceellevant\/wp-json\/wp\/v2\/posts\/1244","targetHints":{"allow":["GET"]}}],"collection":[{"href":"https:\/\/agora.xtec.cat\/ceellevant\/wp-json\/wp\/v2\/posts"}],"about":[{"href":"https:\/\/agora.xtec.cat\/ceellevant\/wp-json\/wp\/v2\/types\/post"}],"author":[{"embeddable":true,"href":"https:\/\/agora.xtec.cat\/ceellevant\/wp-json\/wp\/v2\/users\/1"}],"replies":[{"embeddable":true,"href":"https:\/\/agora.xtec.cat\/ceellevant\/wp-json\/wp\/v2\/comments?post=1244"}],"version-history":[{"count":1,"href":"https:\/\/agora.xtec.cat\/ceellevant\/wp-json\/wp\/v2\/posts\/1244\/revisions"}],"predecessor-version":[{"id":1246,"href":"https:\/\/agora.xtec.cat\/ceellevant\/wp-json\/wp\/v2\/posts\/1244\/revisions\/1246"}],"wp:featuredmedia":[{"embeddable":true,"href":"https:\/\/agora.xtec.cat\/ceellevant\/wp-json\/wp\/v2\/media\/1245"}],"wp:attachment":[{"href":"https:\/\/agora.xtec.cat\/ceellevant\/wp-json\/wp\/v2\/media?parent=1244"}],"wp:term":[{"taxonomy":"category","embeddable":true,"href":"https:\/\/agora.xtec.cat\/ceellevant\/wp-json\/wp\/v2\/categories?post=1244"},{"taxonomy":"post_tag","embeddable":true,"href":"https:\/\/agora.xtec.cat\/ceellevant\/wp-json\/wp\/v2\/tags?post=1244"}],"curies":[{"name":"wp","href":"https:\/\/api.w.org\/{rel}","templated":true}]}}