{"id":1199,"date":"2017-03-28T13:22:33","date_gmt":"2017-03-28T11:22:33","guid":{"rendered":"http:\/\/agora.xtec.cat\/ceellevant\/?p=1199"},"modified":"2017-03-28T13:22:33","modified_gmt":"2017-03-28T11:22:33","slug":"la-xerrada-de-la-nutricionista","status":"publish","type":"post","link":"https:\/\/agora.xtec.cat\/ceellevant\/portada\/la-xerrada-de-la-nutricionista\/","title":{"rendered":"LA XERRADA DE LA NUTRICIONISTA"},"content":{"rendered":"<p>Dimecres 15 de mar\u00e7, l\u2019empresa de monitors de menjador, <em>\u201cL\u2019eina cooperativa\u201d<\/em> va organitzar la xerrada <em>\u201cH\u00e0bits nutricionals\u201d, <\/em>dirigida als pares i mares de l\u2019escola. Va anar a c\u00e0rrec de la Marta Mir\u00f3, dietista-nutricionista i van participar-hi 13 fam\u00edlies.<\/p>\n<p>Va ser una xerrada molt distesa en la que es va establir un di\u00e0leg molt interessant i agradable entre la dietista i les persones que hi van\u00a0 participar. Al final tothom es va quedar amb les ganes de poder-hi donar continu\u00eftat, ja que no es van poder abordar tots els temes que van anar sorgint.<\/p>\n<p><a href=\"http:\/\/agora.xtec.cat\/ceellevant\/wp-content\/uploads\/usu999\/2017\/03\/IMG_0172.jpg\"><img loading=\"lazy\" decoding=\"async\" class=\"aligncenter  wp-image-1198\" src=\"http:\/\/agora.xtec.cat\/ceellevant\/wp-content\/uploads\/usu999\/2017\/03\/IMG_0172.jpg\" alt=\"img_0172\" width=\"410\" height=\"307\" srcset=\"https:\/\/agora.xtec.cat\/ceellevant\/wp-content\/uploads\/usu999\/2017\/03\/IMG_0172.jpg 800w, https:\/\/agora.xtec.cat\/ceellevant\/wp-content\/uploads\/usu999\/2017\/03\/IMG_0172-300x225.jpg 300w, https:\/\/agora.xtec.cat\/ceellevant\/wp-content\/uploads\/usu999\/2017\/03\/IMG_0172-768x576.jpg 768w, https:\/\/agora.xtec.cat\/ceellevant\/wp-content\/uploads\/usu999\/2017\/03\/IMG_0172-200x150.jpg 200w\" sizes=\"auto, (max-width: 410px) 100vw, 410px\" \/><\/a> <a href=\"http:\/\/agora.xtec.cat\/ceellevant\/wp-content\/uploads\/usu999\/2017\/03\/IMG_0171.jpg\"><img loading=\"lazy\" decoding=\"async\" class=\"aligncenter  wp-image-1197\" src=\"http:\/\/agora.xtec.cat\/ceellevant\/wp-content\/uploads\/usu999\/2017\/03\/IMG_0171.jpg\" alt=\"img_0171\" width=\"410\" height=\"308\" srcset=\"https:\/\/agora.xtec.cat\/ceellevant\/wp-content\/uploads\/usu999\/2017\/03\/IMG_0171.jpg 800w, https:\/\/agora.xtec.cat\/ceellevant\/wp-content\/uploads\/usu999\/2017\/03\/IMG_0171-300x225.jpg 300w, https:\/\/agora.xtec.cat\/ceellevant\/wp-content\/uploads\/usu999\/2017\/03\/IMG_0171-768x576.jpg 768w, https:\/\/agora.xtec.cat\/ceellevant\/wp-content\/uploads\/usu999\/2017\/03\/IMG_0171-200x150.jpg 200w\" sizes=\"auto, (max-width: 410px) 100vw, 410px\" \/><\/a> <a href=\"http:\/\/agora.xtec.cat\/ceellevant\/wp-content\/uploads\/usu999\/2017\/03\/IMG_0170.jpg\"><img loading=\"lazy\" decoding=\"async\" class=\"aligncenter  wp-image-1196\" src=\"http:\/\/agora.xtec.cat\/ceellevant\/wp-content\/uploads\/usu999\/2017\/03\/IMG_0170.jpg\" alt=\"img_0170\" width=\"408\" height=\"306\" srcset=\"https:\/\/agora.xtec.cat\/ceellevant\/wp-content\/uploads\/usu999\/2017\/03\/IMG_0170.jpg 800w, https:\/\/agora.xtec.cat\/ceellevant\/wp-content\/uploads\/usu999\/2017\/03\/IMG_0170-300x225.jpg 300w, https:\/\/agora.xtec.cat\/ceellevant\/wp-content\/uploads\/usu999\/2017\/03\/IMG_0170-768x576.jpg 768w, https:\/\/agora.xtec.cat\/ceellevant\/wp-content\/uploads\/usu999\/2017\/03\/IMG_0170-200x150.jpg 200w\" sizes=\"auto, (max-width: 408px) 100vw, 408px\" \/><\/a> <a href=\"http:\/\/agora.xtec.cat\/ceellevant\/wp-content\/uploads\/usu999\/2017\/03\/IMG_0169.jpg\"><img loading=\"lazy\" decoding=\"async\" class=\"aligncenter  wp-image-1195\" src=\"http:\/\/agora.xtec.cat\/ceellevant\/wp-content\/uploads\/usu999\/2017\/03\/IMG_0169.jpg\" alt=\"img_0169\" width=\"409\" height=\"307\" srcset=\"https:\/\/agora.xtec.cat\/ceellevant\/wp-content\/uploads\/usu999\/2017\/03\/IMG_0169.jpg 800w, https:\/\/agora.xtec.cat\/ceellevant\/wp-content\/uploads\/usu999\/2017\/03\/IMG_0169-300x225.jpg 300w, https:\/\/agora.xtec.cat\/ceellevant\/wp-content\/uploads\/usu999\/2017\/03\/IMG_0169-768x576.jpg 768w, https:\/\/agora.xtec.cat\/ceellevant\/wp-content\/uploads\/usu999\/2017\/03\/IMG_0169-200x150.jpg 200w\" sizes=\"auto, (max-width: 409px) 100vw, 409px\" \/><\/a><\/p>\n","protected":false},"excerpt":{"rendered":"<p>Dimecres 15 de mar\u00e7, l\u2019empresa de monitors de menjador, \u201cL\u2019eina cooperativa\u201d va organitzar la xerrada \u201cH\u00e0bits nutricionals\u201d, dirigida als pares i mares de l\u2019escola. Va anar a c\u00e0rrec de la Marta Mir\u00f3, dietista-nutricionista i van participar-hi 13 fam\u00edlies.<br \/>\nVa ser una xerrada molt distesa en la&hellip;  <a href=\"https:\/\/agora.xtec.cat\/ceellevant\/portada\/la-xerrada-de-la-nutricionista\/\" title=\"Read LA XERRADA DE LA NUTRICIONISTA\">Llegeix m\u00e9s\u00bb<\/a><\/p>\n","protected":false},"author":1,"featured_media":1198,"comment_status":"open","ping_status":"open","sticky":false,"template":"","format":"standard","meta":{"_bbp_topic_count":0,"_bbp_reply_count":0,"_bbp_total_topic_count":0,"_bbp_total_reply_count":0,"_bbp_voice_count":0,"_bbp_anonymous_reply_count":0,"_bbp_topic_count_hidden":0,"_bbp_reply_count_hidden":0,"_bbp_forum_subforum_count":0,"footnotes":""},"categories":[7,4],"tags":[],"class_list":["post-1199","post","type-post","status-publish","format-standard","has-post-thumbnail","hentry","category-afa","category-portada"],"post_mailing_queue_ids":[],"_links":{"self":[{"href":"https:\/\/agora.xtec.cat\/ceellevant\/wp-json\/wp\/v2\/posts\/1199","targetHints":{"allow":["GET"]}}],"collection":[{"href":"https:\/\/agora.xtec.cat\/ceellevant\/wp-json\/wp\/v2\/posts"}],"about":[{"href":"https:\/\/agora.xtec.cat\/ceellevant\/wp-json\/wp\/v2\/types\/post"}],"author":[{"embeddable":true,"href":"https:\/\/agora.xtec.cat\/ceellevant\/wp-json\/wp\/v2\/users\/1"}],"replies":[{"embeddable":true,"href":"https:\/\/agora.xtec.cat\/ceellevant\/wp-json\/wp\/v2\/comments?post=1199"}],"version-history":[{"count":1,"href":"https:\/\/agora.xtec.cat\/ceellevant\/wp-json\/wp\/v2\/posts\/1199\/revisions"}],"predecessor-version":[{"id":1200,"href":"https:\/\/agora.xtec.cat\/ceellevant\/wp-json\/wp\/v2\/posts\/1199\/revisions\/1200"}],"wp:featuredmedia":[{"embeddable":true,"href":"https:\/\/agora.xtec.cat\/ceellevant\/wp-json\/wp\/v2\/media\/1198"}],"wp:attachment":[{"href":"https:\/\/agora.xtec.cat\/ceellevant\/wp-json\/wp\/v2\/media?parent=1199"}],"wp:term":[{"taxonomy":"category","embeddable":true,"href":"https:\/\/agora.xtec.cat\/ceellevant\/wp-json\/wp\/v2\/categories?post=1199"},{"taxonomy":"post_tag","embeddable":true,"href":"https:\/\/agora.xtec.cat\/ceellevant\/wp-json\/wp\/v2\/tags?post=1199"}],"curies":[{"name":"wp","href":"https:\/\/api.w.org\/{rel}","templated":true}]}}