{"id":1179,"date":"2017-03-20T18:38:44","date_gmt":"2017-03-20T17:38:44","guid":{"rendered":"http:\/\/agora.xtec.cat\/ceellevant\/?p=1179"},"modified":"2017-03-20T18:38:44","modified_gmt":"2017-03-20T17:38:44","slug":"aprenem-amb-les-sortides","status":"publish","type":"post","link":"https:\/\/agora.xtec.cat\/ceellevant\/portada\/aprenem-amb-les-sortides\/","title":{"rendered":"APRENEM AMB LES SORTIDES"},"content":{"rendered":"<p>El grup 9, des del curs passat, est\u00e0 realitzant sortides a diferents indrets que es troben a l\u2019\u00c0rea Metropolitana de Barcelona un cop a la setmana en el marc del objectius relacionats amb l\u2019adquisici\u00f3 d\u2019h\u00e0bits d\u2019\u00fas dels b\u00e9ns i serveis del nostre entorn per tal d\u2019esdevenir un consumidor responsable, compet\u00e8ncia b\u00e0sica pr\u00f2pia de l\u2019\u00e0mbit del coneixement del medi que est\u00e0 vinculada amb la dimensi\u00f3 de ciutadania.<br \/>\nEls alumnes esperen amb gran motivaci\u00f3 la sortida del dimecres per tal de con\u00e8ixer els mitjans de transports, les botigues de la zona, els recursos naturals que ens envolten, les diferents tradicions i cultures que interaccionen en un mateix lloc, entre d\u2019altres elements d\u2019inter\u00e8s.<\/p>\n<p>Aqu\u00ed teniu un recull de la seva experi\u00e8ncia!<\/p>\n<p><iframe loading=\"lazy\" title=\"LES SORTIDES DEL GRUP 9. ESCOLA LLEVANT\" width=\"500\" height=\"281\" src=\"https:\/\/www.youtube.com\/embed\/xcrvYwdC2fY?feature=oembed\" frameborder=\"0\" allow=\"accelerometer; autoplay; clipboard-write; encrypted-media; gyroscope; picture-in-picture; web-share\" referrerpolicy=\"strict-origin-when-cross-origin\" allowfullscreen><\/iframe><\/p>\n<p>&nbsp;<\/p>\n","protected":false},"excerpt":{"rendered":"<p>El grup 9, des del curs passat, est\u00e0 realitzant sortides a diferents indrets que es troben a l\u2019\u00c0rea Metropolitana de Barcelona un cop a la setmana en el marc del objectius relacionats amb l\u2019adquisici\u00f3 d\u2019h\u00e0bits d\u2019\u00fas dels b\u00e9ns i serveis del nostre entorn per tal&hellip;  <a href=\"https:\/\/agora.xtec.cat\/ceellevant\/portada\/aprenem-amb-les-sortides\/\" title=\"Read APRENEM AMB LES SORTIDES\">Llegeix m\u00e9s\u00bb<\/a><\/p>\n","protected":false},"author":1,"featured_media":1180,"comment_status":"open","ping_status":"open","sticky":false,"template":"","format":"standard","meta":{"_bbp_topic_count":0,"_bbp_reply_count":0,"_bbp_total_topic_count":0,"_bbp_total_reply_count":0,"_bbp_voice_count":0,"_bbp_anonymous_reply_count":0,"_bbp_topic_count_hidden":0,"_bbp_reply_count_hidden":0,"_bbp_forum_subforum_count":0,"footnotes":""},"categories":[47,4],"tags":[16],"class_list":["post-1179","post","type-post","status-publish","format-standard","has-post-thumbnail","hentry","category-cicle-mitja","category-portada","tag-sortides"],"post_mailing_queue_ids":[],"_links":{"self":[{"href":"https:\/\/agora.xtec.cat\/ceellevant\/wp-json\/wp\/v2\/posts\/1179","targetHints":{"allow":["GET"]}}],"collection":[{"href":"https:\/\/agora.xtec.cat\/ceellevant\/wp-json\/wp\/v2\/posts"}],"about":[{"href":"https:\/\/agora.xtec.cat\/ceellevant\/wp-json\/wp\/v2\/types\/post"}],"author":[{"embeddable":true,"href":"https:\/\/agora.xtec.cat\/ceellevant\/wp-json\/wp\/v2\/users\/1"}],"replies":[{"embeddable":true,"href":"https:\/\/agora.xtec.cat\/ceellevant\/wp-json\/wp\/v2\/comments?post=1179"}],"version-history":[{"count":1,"href":"https:\/\/agora.xtec.cat\/ceellevant\/wp-json\/wp\/v2\/posts\/1179\/revisions"}],"predecessor-version":[{"id":1181,"href":"https:\/\/agora.xtec.cat\/ceellevant\/wp-json\/wp\/v2\/posts\/1179\/revisions\/1181"}],"wp:featuredmedia":[{"embeddable":true,"href":"https:\/\/agora.xtec.cat\/ceellevant\/wp-json\/wp\/v2\/media\/1180"}],"wp:attachment":[{"href":"https:\/\/agora.xtec.cat\/ceellevant\/wp-json\/wp\/v2\/media?parent=1179"}],"wp:term":[{"taxonomy":"category","embeddable":true,"href":"https:\/\/agora.xtec.cat\/ceellevant\/wp-json\/wp\/v2\/categories?post=1179"},{"taxonomy":"post_tag","embeddable":true,"href":"https:\/\/agora.xtec.cat\/ceellevant\/wp-json\/wp\/v2\/tags?post=1179"}],"curies":[{"name":"wp","href":"https:\/\/api.w.org\/{rel}","templated":true}]}}