{"id":1127,"date":"2017-02-03T10:39:18","date_gmt":"2017-02-03T09:39:18","guid":{"rendered":"http:\/\/agora.xtec.cat\/ceellevant\/?p=1127"},"modified":"2017-02-03T10:40:12","modified_gmt":"2017-02-03T09:40:12","slug":"denip-2017","status":"publish","type":"post","link":"https:\/\/agora.xtec.cat\/ceellevant\/portada\/denip-2017\/","title":{"rendered":"DENIP 2017"},"content":{"rendered":"<p><a href=\"http:\/\/agora.xtec.cat\/ceellevant\/wp-content\/uploads\/usu999\/2017\/02\/DENIP-2017.jpg\"><img loading=\"lazy\" decoding=\"async\" class=\"aligncenter size-large wp-image-1126\" src=\"http:\/\/agora.xtec.cat\/ceellevant\/wp-content\/uploads\/usu999\/2017\/02\/DENIP-2017-1024x579.jpg\" alt=\"denip-2017\" width=\"1024\" height=\"579\" srcset=\"https:\/\/agora.xtec.cat\/ceellevant\/wp-content\/uploads\/usu999\/2017\/02\/DENIP-2017-1024x579.jpg 1024w, https:\/\/agora.xtec.cat\/ceellevant\/wp-content\/uploads\/usu999\/2017\/02\/DENIP-2017-300x170.jpg 300w, https:\/\/agora.xtec.cat\/ceellevant\/wp-content\/uploads\/usu999\/2017\/02\/DENIP-2017-768x434.jpg 768w, https:\/\/agora.xtec.cat\/ceellevant\/wp-content\/uploads\/usu999\/2017\/02\/DENIP-2017.jpg 1059w\" sizes=\"auto, (max-width: 1024px) 100vw, 1024px\" \/><\/a><\/p>\n<p>Cada 30 de gener, escoles d&#8217;arreu del m\u00f3n celebren el <a href=\"https:\/\/ca.wikipedia.org\/wiki\/Dia_Escolar_de_la_No-viol%C3%A8ncia_i_la_Pau\" target=\"_blank\">Dia Escolar de la No Viol\u00e8ncia i la Pau<\/a>.<\/p>\n<p>A l&#8217;escola Llevant tamb\u00e9 volem cada curs, celebrar aquest dia. Aquest any, aprofitant la nostra adhesi\u00f3 a la campanya <a href=\"https:\/\/www.casanostracasavostra.cat\/\" target=\"_blank\">Casa Nostra, Casa Vostra<\/a>, hem centrat les activitats d&#8217;aquest dia en aquesta crisi.<\/p>\n<p>La lectura de frases al voltant del tema per part dels alumnes del cicle superior, la formaci\u00f3 de la paraula PAU al pati, la confecci\u00f3 d&#8217;un mural a l&#8217;entrada de l&#8217;escola&#8230; s\u00f3n algunes de les activitats que es van organitzar des de la comissi\u00f3 de biblioteca.<\/p>\n","protected":false},"excerpt":{"rendered":"<p><a href=\"http:\/\/agora.xtec.cat\/ceellevant\/wp-content\/uploads\/usu999\/2017\/02\/DENIP-2017.jpg\"><\/a><br \/>\nCada 30 de gener, escoles d&#8217;arreu del m\u00f3n celebren el <a href=\"https:\/\/ca.wikipedia.org\/wiki\/Dia_Escolar_de_la_No-viol%C3%A8ncia_i_la_Pau\" target=\"_blank\">Dia Escolar de la No Viol\u00e8ncia i la Pau<\/a>.<br \/>\nA l&#8217;escola Llevant tamb\u00e9 volem cada curs, celebrar aquest dia. Aquest any, aprofitant la nostra adhesi\u00f3 a la campanya <a href=\"https:\/\/www.casanostracasavostra.cat\/\" target=\"_blank\">Casa Nostra, Casa&hellip;  <a href=\"https:\/\/agora.xtec.cat\/ceellevant\/portada\/denip-2017\/\" title=\"Read DENIP 2017\">Llegeix m\u00e9s\u00bb<\/a><\/p>\n","protected":false},"author":1,"featured_media":1126,"comment_status":"open","ping_status":"open","sticky":false,"template":"","format":"standard","meta":{"_bbp_topic_count":0,"_bbp_reply_count":0,"_bbp_total_topic_count":0,"_bbp_total_reply_count":0,"_bbp_voice_count":0,"_bbp_anonymous_reply_count":0,"_bbp_topic_count_hidden":0,"_bbp_reply_count_hidden":0,"_bbp_forum_subforum_count":0,"footnotes":""},"categories":[4],"tags":[35,85],"class_list":["post-1127","post","type-post","status-publish","format-standard","has-post-thumbnail","hentry","category-portada","tag-activitats-culturals","tag-denip"],"post_mailing_queue_ids":[],"_links":{"self":[{"href":"https:\/\/agora.xtec.cat\/ceellevant\/wp-json\/wp\/v2\/posts\/1127","targetHints":{"allow":["GET"]}}],"collection":[{"href":"https:\/\/agora.xtec.cat\/ceellevant\/wp-json\/wp\/v2\/posts"}],"about":[{"href":"https:\/\/agora.xtec.cat\/ceellevant\/wp-json\/wp\/v2\/types\/post"}],"author":[{"embeddable":true,"href":"https:\/\/agora.xtec.cat\/ceellevant\/wp-json\/wp\/v2\/users\/1"}],"replies":[{"embeddable":true,"href":"https:\/\/agora.xtec.cat\/ceellevant\/wp-json\/wp\/v2\/comments?post=1127"}],"version-history":[{"count":1,"href":"https:\/\/agora.xtec.cat\/ceellevant\/wp-json\/wp\/v2\/posts\/1127\/revisions"}],"predecessor-version":[{"id":1128,"href":"https:\/\/agora.xtec.cat\/ceellevant\/wp-json\/wp\/v2\/posts\/1127\/revisions\/1128"}],"wp:featuredmedia":[{"embeddable":true,"href":"https:\/\/agora.xtec.cat\/ceellevant\/wp-json\/wp\/v2\/media\/1126"}],"wp:attachment":[{"href":"https:\/\/agora.xtec.cat\/ceellevant\/wp-json\/wp\/v2\/media?parent=1127"}],"wp:term":[{"taxonomy":"category","embeddable":true,"href":"https:\/\/agora.xtec.cat\/ceellevant\/wp-json\/wp\/v2\/categories?post=1127"},{"taxonomy":"post_tag","embeddable":true,"href":"https:\/\/agora.xtec.cat\/ceellevant\/wp-json\/wp\/v2\/tags?post=1127"}],"curies":[{"name":"wp","href":"https:\/\/api.w.org\/{rel}","templated":true}]}}