{"id":1120,"date":"2017-01-16T13:50:22","date_gmt":"2017-01-16T12:50:22","guid":{"rendered":"http:\/\/agora.xtec.cat\/ceellevant\/?p=1120"},"modified":"2017-01-20T13:46:29","modified_gmt":"2017-01-20T12:46:29","slug":"vacances-en-familia","status":"publish","type":"post","link":"https:\/\/agora.xtec.cat\/ceellevant\/portada\/vacances-en-familia\/","title":{"rendered":"Vacances en fam\u00edlia"},"content":{"rendered":"<p>Un any m\u00e9s el programa &#8220;<strong>Vacances en fam\u00edlia<\/strong>&#8221; inicia la temporada 2017 amb la primera convocat\u00f2ria, oferint torns d&#8217;estada des del mes de mar\u00e7 fins a finals del mes d&#8217;agost.<\/p>\n<p>Com a novetat, tamb\u00e9 poden gaudir d&#8217;aquest programa les persones majors de 65 anys que convisquin amb la fam\u00edlia. El per\u00edode de preinscripcions s&#8217;iniciar\u00e0 el dia 16 de gener fins el 6 de febrer. Per a m\u00e9s informaci\u00f3 mireu el link:\u00a0<a href=\"https:\/\/www.xanascat.cat\/\" target=\"_blank\">https:\/\/www.xanascat.cat\/<\/a><\/p>\n<p>&nbsp;<\/p>\n","protected":false},"excerpt":{"rendered":"<p>Un any m\u00e9s el programa &#8220;Vacances en fam\u00edlia&#8221; inicia la temporada 2017 amb la primera convocat\u00f2ria, oferint torns d&#8217;estada des del mes de mar\u00e7 fins a finals del mes d&#8217;agost.<br \/>\nCom a novetat, tamb\u00e9 poden gaudir d&#8217;aquest programa les persones majors de 65 anys que convisquin&hellip;  <a href=\"https:\/\/agora.xtec.cat\/ceellevant\/portada\/vacances-en-familia\/\" title=\"Read Vacances en fam\u00edlia\">Llegeix m\u00e9s\u00bb<\/a><\/p>\n","protected":false},"author":1,"featured_media":0,"comment_status":"open","ping_status":"open","sticky":false,"template":"","format":"standard","meta":{"_bbp_topic_count":0,"_bbp_reply_count":0,"_bbp_total_topic_count":0,"_bbp_total_reply_count":0,"_bbp_voice_count":0,"_bbp_anonymous_reply_count":0,"_bbp_topic_count_hidden":0,"_bbp_reply_count_hidden":0,"_bbp_forum_subforum_count":0,"footnotes":""},"categories":[7,4],"tags":[],"class_list":["post-1120","post","type-post","status-publish","format-standard","hentry","category-afa","category-portada"],"post_mailing_queue_ids":[],"_links":{"self":[{"href":"https:\/\/agora.xtec.cat\/ceellevant\/wp-json\/wp\/v2\/posts\/1120","targetHints":{"allow":["GET"]}}],"collection":[{"href":"https:\/\/agora.xtec.cat\/ceellevant\/wp-json\/wp\/v2\/posts"}],"about":[{"href":"https:\/\/agora.xtec.cat\/ceellevant\/wp-json\/wp\/v2\/types\/post"}],"author":[{"embeddable":true,"href":"https:\/\/agora.xtec.cat\/ceellevant\/wp-json\/wp\/v2\/users\/1"}],"replies":[{"embeddable":true,"href":"https:\/\/agora.xtec.cat\/ceellevant\/wp-json\/wp\/v2\/comments?post=1120"}],"version-history":[{"count":3,"href":"https:\/\/agora.xtec.cat\/ceellevant\/wp-json\/wp\/v2\/posts\/1120\/revisions"}],"predecessor-version":[{"id":1125,"href":"https:\/\/agora.xtec.cat\/ceellevant\/wp-json\/wp\/v2\/posts\/1120\/revisions\/1125"}],"wp:attachment":[{"href":"https:\/\/agora.xtec.cat\/ceellevant\/wp-json\/wp\/v2\/media?parent=1120"}],"wp:term":[{"taxonomy":"category","embeddable":true,"href":"https:\/\/agora.xtec.cat\/ceellevant\/wp-json\/wp\/v2\/categories?post=1120"},{"taxonomy":"post_tag","embeddable":true,"href":"https:\/\/agora.xtec.cat\/ceellevant\/wp-json\/wp\/v2\/tags?post=1120"}],"curies":[{"name":"wp","href":"https:\/\/api.w.org\/{rel}","templated":true}]}}