{"id":57,"count":0,"description":"Per tal de poder tenir una organizaci\u00f3n \u00f2ptima i el m\u00e9s efica\u00e7 possible, els alumnes i professionals de l'Escola Llevant ens organitzem mitjan\u00e7ant etapes i cicles educatius.\r\n\r\nHi ha dues etapes: l'etapa infantil i l'etapa prim\u00e0ria.\r\n\r\nL'etapa infantil constitueix per ella mateixa un cicle educatiu i compr\u00e8n alumnes de 3 a 6 anys.\r\n\r\nL'etapa prim\u00e0ria es divideix en tres cicles educatius:\r\n<ul>\r\n\t<li>Cicle inicial: Compr\u00e8n els alumnes de 6 a 9 anys<\/li>\r\n\t<li>Cicle mitj\u00e0: Compr\u00e8n els alumnes de 9 a 13 anys<\/li>\r\n\t<li>Cicle superior: Compr\u00e8n els alumnes de 13 a 16 anys<\/li>\r\n<\/ul>","link":"https:\/\/agora.xtec.cat\/ceellevant\/categoria\/nivells\/","name":"Nivells","slug":"nivells","taxonomy":"category","parent":0,"meta":[],"_links":{"self":[{"href":"https:\/\/agora.xtec.cat\/ceellevant\/wp-json\/wp\/v2\/categories\/57","targetHints":{"allow":["GET"]}}],"collection":[{"href":"https:\/\/agora.xtec.cat\/ceellevant\/wp-json\/wp\/v2\/categories"}],"about":[{"href":"https:\/\/agora.xtec.cat\/ceellevant\/wp-json\/wp\/v2\/taxonomies\/category"}],"wp:post_type":[{"href":"https:\/\/agora.xtec.cat\/ceellevant\/wp-json\/wp\/v2\/posts?categories=57"}],"curies":[{"name":"wp","href":"https:\/\/api.w.org\/{rel}","templated":true}]}}