{"id":47,"count":87,"description":"Us trobeu a la p\u00e0gina del Cicle Mitj\u00e0 de l'escola. Aquest cicle compr\u00e8n nens i nenes de 9 a 12 anys.\r\n\r\nEn aquesta etapa els alumnes treballen de valent per aprofundir i consolidar els aprenentatges escolars, sobretot en mat\u00e8ries instrumentals (llengua catalana i matem\u00e0tiques). Alguns alumnes milloren en aquest cicle en aprentatges funcionals. Tots\/es s'esforcen per consolidar els h\u00e0bits de cura i higiene personal i es preparen per fer-se grans.\r\n\r\nEl Projecte de M\u00fasica, les sortides i el seu treball a l'aula s\u00f3n algunes de les activitats que us explicaran en aquesta p\u00e0gina.","link":"https:\/\/agora.xtec.cat\/ceellevant\/categoria\/cicle-mitja\/","name":"Cicle Mitj\u00e0","slug":"cicle-mitja","taxonomy":"category","parent":0,"meta":[],"_links":{"self":[{"href":"https:\/\/agora.xtec.cat\/ceellevant\/wp-json\/wp\/v2\/categories\/47","targetHints":{"allow":["GET"]}}],"collection":[{"href":"https:\/\/agora.xtec.cat\/ceellevant\/wp-json\/wp\/v2\/categories"}],"about":[{"href":"https:\/\/agora.xtec.cat\/ceellevant\/wp-json\/wp\/v2\/taxonomies\/category"}],"wp:post_type":[{"href":"https:\/\/agora.xtec.cat\/ceellevant\/wp-json\/wp\/v2\/posts?categories=47"}],"curies":[{"name":"wp","href":"https:\/\/api.w.org\/{rel}","templated":true}]}}