{"id":46,"count":83,"description":"&nbsp;\r\n\r\nA la nostra escola el cicle inicial compr\u00e8n nens i nenes d' edats entre 6 i 9 anys.\r\n\r\nLes prioritats d'aquest cicle s\u00f3n: \u00a0l'inici dels aprentatges escolars, la generalitzaci\u00f3 del\u00a0proc\u00e9s de les habilitats de comunicaci\u00f3, avan\u00e7ar i consolidar els h\u00e0bits d\u2019autonomia personal, millorar en l' autoregulaci\u00f3 emocional i l'aprenentatge de les habilitats socials.\r\n\r\nEn aquesta p\u00e0gina trobareu una bona mostra de la vida d'aquest cicle.","link":"https:\/\/agora.xtec.cat\/ceellevant\/categoria\/cicle-inicial\/","name":"Cicle Inicial","slug":"cicle-inicial","taxonomy":"category","parent":0,"meta":[],"_links":{"self":[{"href":"https:\/\/agora.xtec.cat\/ceellevant\/wp-json\/wp\/v2\/categories\/46","targetHints":{"allow":["GET"]}}],"collection":[{"href":"https:\/\/agora.xtec.cat\/ceellevant\/wp-json\/wp\/v2\/categories"}],"about":[{"href":"https:\/\/agora.xtec.cat\/ceellevant\/wp-json\/wp\/v2\/taxonomies\/category"}],"wp:post_type":[{"href":"https:\/\/agora.xtec.cat\/ceellevant\/wp-json\/wp\/v2\/posts?categories=46"}],"curies":[{"name":"wp","href":"https:\/\/api.w.org\/{rel}","templated":true}]}}