{"id":41,"count":66,"description":"El Cicle Superior s\u00f3n els alumnes grans de l'escola. Compr\u00e8n joves d'entre 12 i 16 anys.\r\n\r\nLes activitats d'aquest cicle estan orientades cap a la funcionalitat dels aprenentatges i els objectius van dirigits a preparar als alumnes per les seves etapes posteriors (Programa de Tr\u00e0nsit a la Vida Adulta, Programa de Formaci\u00f3 i Inserci\u00f3 adaptat....)\r\n\r\nEn aquesta p\u00e0gina trobareu una bona mostra de les activitats i de la vida escolar dels m\u00e9s grans.\r\n\r\n&nbsp;","link":"https:\/\/agora.xtec.cat\/ceellevant\/categoria\/cicle-superior\/","name":"Cicle Superior","slug":"cicle-superior","taxonomy":"category","parent":0,"meta":[],"_links":{"self":[{"href":"https:\/\/agora.xtec.cat\/ceellevant\/wp-json\/wp\/v2\/categories\/41","targetHints":{"allow":["GET"]}}],"collection":[{"href":"https:\/\/agora.xtec.cat\/ceellevant\/wp-json\/wp\/v2\/categories"}],"about":[{"href":"https:\/\/agora.xtec.cat\/ceellevant\/wp-json\/wp\/v2\/taxonomies\/category"}],"wp:post_type":[{"href":"https:\/\/agora.xtec.cat\/ceellevant\/wp-json\/wp\/v2\/posts?categories=41"}],"curies":[{"name":"wp","href":"https:\/\/api.w.org\/{rel}","templated":true}]}}