{"id":974,"date":"2016-11-10T13:20:54","date_gmt":"2016-11-10T12:20:54","guid":{"rendered":"http:\/\/agora.xtec.cat\/ceehoritzo\/?p=974"},"modified":"2016-11-10T13:20:54","modified_gmt":"2016-11-10T12:20:54","slug":"reunio-de-pares-del-pdc-16-17","status":"publish","type":"post","link":"https:\/\/agora.xtec.cat\/ceehoritzo\/comunitats\/pc\/reunio-de-pares-del-pdc-16-17\/","title":{"rendered":"Reuni\u00f3 de pares del PDC 16-17"},"content":{"rendered":"<p align=\"CENTER\"><span style=\"font-family: Arial, sans-serif;\"><span style=\"font-size: medium;\"><u>INFORMACI\u00d3 DEL CURS ESCOLAR 2016-2017<\/u><\/span><\/span><\/p>\n<p align=\"CENTER\"><span style=\"font-family: Arial, sans-serif;\"><span style=\"font-size: medium;\"><u>PDC (Programa de Diversificaci\u00f3 Curricular) <\/u><\/span><\/span><span style=\"font-family: Arial, sans-serif;\"><span style=\"font-size: medium;\"><u><b>\u201cCREIXEM\u201d<\/b><\/u><\/span><\/span><\/p>\n<p align=\"CENTER\"><u>HORARI GENERAL DEL CENTRE<\/u><\/p>\n<p align=\"JUSTIFY\"><span style=\"color: #000000;\"><span style=\"font-family: Arial, sans-serif;\">L\u2019horari general del centre queda estructurat de la seg\u00fcent manera:<\/span><\/span><\/p>\n<table border=\"1\" width=\"578\" cellspacing=\"0\" cellpadding=\"5\">\n<colgroup>\n<col width=\"154\" \/>\n<col width=\"401\" \/> <\/colgroup>\n<tbody>\n<tr valign=\"TOP\">\n<td width=\"154\">\n<p align=\"CENTER\"><span style=\"color: #000000;\"><span style=\"font-family: Arial, sans-serif;\"><b>HORARI<\/b><\/span><\/span><\/p>\n<\/td>\n<td width=\"401\"><span style=\"color: #000000;\"><span style=\"font-family: Arial, sans-serif;\"><b>ACTIVITAT<\/b><\/span><\/span><\/td>\n<\/tr>\n<tr valign=\"TOP\">\n<td width=\"154\">\n<p align=\"CENTER\"><span style=\"color: #000000;\"><span style=\"font-family: Arial, sans-serif;\">9:30 a 14:30<\/span><\/span><\/p>\n<\/td>\n<td width=\"401\"><span style=\"color: #000000;\"><span style=\"font-family: Arial, sans-serif;\">Activitats Lectives<\/span><\/span><\/td>\n<\/tr>\n<tr valign=\"TOP\">\n<td width=\"154\">\n<p align=\"CENTER\"><span style=\"color: #000000;\"><span style=\"font-family: Arial, sans-serif;\">14:30 a 16:30<\/span><\/span><\/p>\n<\/td>\n<td width=\"401\"><span style=\"color: #000000;\"><span style=\"font-family: Arial, sans-serif;\">Tallers\/activitats per grups<\/span><\/span><\/td>\n<\/tr>\n<\/tbody>\n<\/table>\n<p align=\"JUSTIFY\"><span style=\"font-family: Arial, sans-serif;\">Recordem que l\u2019activitat de car\u00e0cter obligatori acaba a les 14\u201930 h. I per tant hi ha la possibilitat de marxar a aquesta hora.<\/span><\/p>\n<p align=\"JUSTIFY\"><span style=\"font-family: Arial, sans-serif;\">Per tal de poder marxar al migdia (despr\u00e9s de dinar) nom\u00e9s cal una autoritzaci\u00f3 signada dels responsables legals dels alumnes.<\/span><\/p>\n<ol start=\"2\">\n<li>\n<p align=\"JUSTIFY\"><span style=\"font-family: Arial, sans-serif;\"><u>CALENDARI ESCOLAR<\/u><\/span><\/p>\n<\/li>\n<\/ol>\n<ul>\n<li>\n<p align=\"JUSTIFY\"><span style=\"color: #000000;\"><span style=\"font-family: Arial, sans-serif;\">Per\u00edodes<\/span><\/span><span style=\"color: #000000;\"><span style=\"font-family: Arial, sans-serif;\"><b> de vacances escolars:<\/b><\/span><\/span><\/p>\n<ul>\n<ul>\n<li><span style=\"font-family: Arial, sans-serif;\">Vacances de Nadal: del 23 de desembre al 8 de gener de 2017, ambd\u00f3s inclosos.<\/span><\/li>\n<li><span style=\"font-family: Arial, sans-serif;\">Setmana Santa: del 10 d&#8217;abril al 17 d\u00b4abril de 2017, ambd\u00f3s inclosos.<\/span><\/li>\n<\/ul>\n<\/ul>\n<\/li>\n<\/ul>\n<ul>\n<li><span style=\"color: #000000;\"><span style=\"font-family: Arial, sans-serif;\">Dies<\/span><\/span><span style=\"color: #000000;\"><span style=\"font-family: Arial, sans-serif;\"><b> festius:<\/b><\/span><\/span><\/li>\n<\/ul>\n<ul>\n<li><span style=\"color: #000000;\"><span style=\"font-family: Arial, sans-serif;\">12 d\u2019octubre de 2016.<\/span><\/span><\/li>\n<li><span style=\"color: #000000;\"><span style=\"font-family: Arial, sans-serif;\">1 de novembre de 2016.<\/span><\/span><\/li>\n<li><span style=\"color: #000000;\"><span style=\"font-family: Arial, sans-serif;\">6 i 8 de desembre de 2016.<\/span><\/span><\/li>\n<li><span style=\"color: #000000;\"><span style=\"font-family: Arial, sans-serif;\">1 de maig de 2017.<\/span><\/span><\/li>\n<\/ul>\n<ul>\n<li><span style=\"color: #000000;\"><span style=\"font-family: Arial, sans-serif;\">Dies<\/span><\/span><span style=\"color: #000000;\"><span style=\"font-family: Arial, sans-serif;\"><b> de lliure disposici\u00f3:<\/b><\/span><\/span>\n<ul>\n<li><span style=\"font-family: Arial, sans-serif;\">31 d\u2019octubre de 2016.<\/span><\/li>\n<li><span style=\"font-family: Arial, sans-serif;\">5 i 9 de desembre de 2016.<\/span><\/li>\n<li><span style=\"font-family: Arial, sans-serif;\">27 de febrer de 2017.<\/span><\/li>\n<li><span style=\"font-family: Arial, sans-serif;\">2 de maig de 2017.<\/span><\/li>\n<\/ul>\n<\/li>\n<\/ul>\n<ol>\n<li>\n<p align=\"JUSTIFY\"><span style=\"font-family: Arial, sans-serif;\"><u>AULES I PROFESSIONALS<\/u><\/span><\/p>\n<\/li>\n<\/ol>\n<table border=\"1\" width=\"623\" frame=\"VSIDES\" rules=\"COLS\" cellspacing=\"0\" cellpadding=\"7\">\n<colgroup>\n<col width=\"148\" \/>\n<col width=\"106\" \/>\n<col width=\"10\" \/>\n<col width=\"154\" \/>\n<col width=\"133\" \/> <\/colgroup>\n<tbody>\n<tr valign=\"TOP\">\n<td width=\"148\">\n<p align=\"CENTER\"><span style=\"font-family: Arial, sans-serif;\"><b>AULA 12<\/b><\/span><\/p>\n<\/td>\n<td rowspan=\"2\" width=\"106\">\n<p align=\"CENTER\"><span style=\"font-family: Arial, sans-serif;\">TUTOR:<\/span><\/p>\n<p align=\"CENTER\"><span style=\"font-family: Arial, sans-serif;\">Axel Calo<\/span><\/p>\n<\/td>\n<td width=\"10\"><\/td>\n<td width=\"154\">\n<p align=\"CENTER\"><span style=\"font-family: Arial, sans-serif;\"><b>AULA 13<\/b><\/span><\/p>\n<\/td>\n<td rowspan=\"2\" width=\"133\">\n<p align=\"CENTER\"><span style=\"font-family: Arial, sans-serif;\">TUTOR:<\/span><\/p>\n<p align=\"CENTER\"><span style=\"font-family: Arial, sans-serif;\">Mireya Domingo<\/span><\/p>\n<\/td>\n<\/tr>\n<tr valign=\"TOP\">\n<td width=\"148\" height=\"33\"><span style=\"font-family: Arial, sans-serif;\">David F<\/span><\/p>\n<p><span style=\"font-family: Arial, sans-serif;\">Jes\u00fas B<\/span><\/p>\n<p><span style=\"font-family: Arial, sans-serif;\">Carlos A. R<\/span><\/p>\n<p><span style=\"font-family: Arial, sans-serif;\">Musa S<\/span><\/p>\n<p><span style=\"font-family: Arial, sans-serif;\">Alba R<\/span><\/p>\n<p><span style=\"font-family: Arial, sans-serif;\">Marc V<\/span><\/td>\n<td width=\"10\"><\/td>\n<td width=\"154\">\n<p align=\"JUSTIFY\"><span style=\"font-family: Arial, sans-serif;\">Clara A<\/span><\/p>\n<p><span style=\"font-family: Arial, sans-serif;\">Juan C. M<\/span><\/p>\n<p><span style=\"font-family: Arial, sans-serif;\">Mar\u00eda V<\/span><\/p>\n<p><span style=\"font-family: Arial, sans-serif;\">Arnau R<\/span><\/td>\n<\/tr>\n<\/tbody>\n<\/table>\n<p align=\"JUSTIFY\"><span style=\"font-family: Arial, sans-serif;\">REFOR\u00c7: David Pascual<\/span><\/p>\n<ol start=\"2\">\n<li>\n<p align=\"JUSTIFY\"><span style=\"font-family: Arial, sans-serif;\"><u>CALENDARI D\u2019ENTREVISTES AMB LES FAM\u00cdLIES I\/O TUTORS\/ES LEGALS<\/u><\/span><\/p>\n<\/li>\n<\/ol>\n<ul>\n<li><span style=\"color: #000000;\"><span style=\"font-family: Arial, sans-serif;\">Novembre\/ Desembre: seguiment de l\u2019alumne.<\/span><\/span><\/li>\n<li><span style=\"color: #000000;\"><span style=\"font-family: Arial, sans-serif;\">Maig\/Juny: valoraci\u00f3 final de curs.<\/span><\/span><\/li>\n<\/ul>\n<p align=\"JUSTIFY\"><span style=\"color: #000000;\"><span style=\"font-family: Arial, sans-serif;\">Al llarg de tot el curs es poden concertar reunions segons criteri del tutor\/a o a demanda familiar, concretant pr\u00e8viament amb el tutor\/a.<\/span><\/span><\/p>\n<p align=\"JUSTIFY\"><span style=\"color: #000000;\"><span style=\"font-family: Arial, sans-serif;\">Horari d\u2019atenci\u00f3 a les fam\u00edlies:<\/span><\/span><\/p>\n<p align=\"JUSTIFY\"><span style=\"font-family: Arial, sans-serif;\">&#8211; Els divendres (quinzenalment)<\/span> <span style=\"font-family: Arial, sans-serif;\">de 14:30 a 16.30h.<\/span><\/p>\n<ol>\n<li>\n<p align=\"JUSTIFY\"><span style=\"font-family: Arial, sans-serif;\"><u>METODOLOGIA I CONTINGUTS DEL CURS<\/u><\/span><\/p>\n<\/li>\n<\/ol>\n<p align=\"JUSTIFY\"><span style=\"font-family: Arial, sans-serif;\">El programa <\/span><span style=\"color: #000000;\"><span style=\"font-family: Arial, sans-serif;\">de diversificaci\u00f3 curricular (PDC) <\/span><\/span><span style=\"color: #000000;\"><span style=\"font-family: Arial, sans-serif;\"><b>\u201cCREIXEM\u201d<\/b><\/span><\/span><span style=\"font-family: Arial, sans-serif;\"> pret\u00e9n ser un programa de transici\u00f3 a la vida adulta on es desenvoluparan diferents \u00e0rees centrades en les compet\u00e8ncies curriculars, on els i les alumnes treballaran a partir d\u2019uns centres d\u2019interessos que els facilitin la inserci\u00f3 laboral en el dia de dem\u00e0.<\/span><\/p>\n<p align=\"JUSTIFY\"><span style=\"font-family: Arial, sans-serif;\">Partirem d\u2019una metodologia basada en l\u2019entorn proper de l\u2019alumne i dels seus interessos, alhora que fomenti un aprenentatge significatiu i funcional que propici\u00ef la inserci\u00f3 laboral i que l\u2019ajudi a interioritzar els coneixements adquirits a fi de potenciar l\u2019autonomia i l\u2019autoregulaci\u00f3 i la gesti\u00f3 de les seves emocions, per tal de fer-lo un ciutad\u00e0 actiu dins de la societat actual on ell es mou. <\/span><\/p>\n<p align=\"JUSTIFY\"><span style=\"font-family: Arial, sans-serif;\">La jornada escolar estar\u00e0 centrada en dos grans blocs: una part m\u00e9s enfocada al m\u00f3n laboral (un treball a partir de diferents tallers funcionals i variats) i una segona part m\u00e9s relacionada amb el treball de gesti\u00f3 d\u2019aspectes propis del m\u00f3n adult, tant material com emocional per fomentar l\u2019autonomia i independ\u00e8ncia d\u2019aquests alumnes. En funci\u00f3 de l\u2019edat dels alumnes i del treball previ fet a l\u2019escola hi haur\u00e0 un tercer bloc enfocat a pr\u00e0ctiques a empreses coordinades des de l\u2019escola.<\/span><\/p>\n<ol start=\"2\">\n<li>\n<p align=\"JUSTIFY\"><span style=\"font-family: Arial, sans-serif;\"><u>RELACI\u00d3 FAM\u00cdLIA ESCOLA<\/u><\/span><\/p>\n<\/li>\n<\/ol>\n<p align=\"JUSTIFY\"><span style=\"font-family: Arial, sans-serif;\">&#8211; Si sabeu amb antelaci\u00f3 l\u2019abs\u00e8ncia a l\u2019escola del vostre fill\/a, si us plau, notifiqueu-ho. Recordeu que l\u2019escola a part del tel\u00e8fon fix (93 767 1321) tamb\u00e9 disposa del tel\u00e8fon m\u00f2bil (656 83 19 68).<\/span><\/p>\n<p align=\"JUSTIFY\"><span style=\"font-family: Arial, sans-serif;\">&#8211; Recordeu que per qualsevol av\u00eds o informaci\u00f3 que ens hagueu de donar no sempre \u00e9s necessari parlar directament amb el\/la tutor\/a, podeu deixar el missatge a l\u2019administrativa (la Teresa) o a trav\u00e9s del whatsapp del m\u00f2bil de l\u2019escola. Des de l\u2019equip directiu es far\u00e0 arribar el missatge al tutor o a la tutora. <\/span><\/p>\n<p align=\"JUSTIFY\"><span style=\"font-family: Arial, sans-serif;\">&#8211; Si per qualsevol motiu s\u2019arriba tard a l\u2019escola truqueu si \u00e9s que l\u2019alumne\/a vindr\u00e0 a l\u2019hora de dinar, ja que d\u2019aquesta manera es reserva el seu menjar.<\/span><\/p>\n<p align=\"JUSTIFY\"><span style=\"font-family: Arial, sans-serif;\">&#8211; Sempre que un alumne falti al PDC o hagi d\u2019arribar en un horari diferent a l\u2019establert, haur\u00e0 de portar un justificant escrit expedit pel servei on hagi assistit. Si aix\u00f2 no \u00e9s possible caldr\u00e0 portar una nota signada pels representants legals a l\u2019agenda tot explicant el motiu de l\u2019abs\u00e8ncia o com a m\u00ednim s\u2019haur\u00e0 de trucar a l\u2019escola per tal de justificar l\u2019abs\u00e8ncia.<\/span><\/p>\n<p align=\"JUSTIFY\"><span style=\"font-family: Arial, sans-serif;\">&#8211; Si els vostres fills\/es prenen medicaci\u00f3 dins de l\u2019horari escolar, \u00e9s imprescindible dur la sol\u00b7licitud i autoritzaci\u00f3, signada pel metge i responsables legals, d\u2019administraci\u00f3 en el CEE Horitz\u00f3 tant si s\u00f3n medicaments d\u2019administraci\u00f3 transit\u00f2ria com permanents. Us demanem que comuniqueu qualsevol canvi en la medicaci\u00f3.<\/span><\/p>\n<p align=\"JUSTIFY\"><span style=\"font-family: Arial, sans-serif;\">&#8211; No cal portar objectes personals a l\u2019escola (m\u00f2bils, ordinadors&#8230;). Nosaltres no ens fem responsables dels desperfectes que puguin ocasionar-s\u2019hi.<\/span><\/p>\n<p align=\"JUSTIFY\"><span style=\"font-family: Arial, sans-serif;\">&#8211; En el cas que els alumnes portin aparells electr\u00f2nics (m\u00f2bils, tablets, m\u00e0quines de joc, MP3, etc&#8230;) s\u2019hauran de deixar a la secretaria de l\u2019escola en arribar i els seran retornats quan marxin de l\u2019escola.<\/span><\/p>\n<p align=\"JUSTIFY\"><span style=\"font-family: Arial, sans-serif;\">&#8211; Els alumnes que segueixen una dieta a l\u2019hora de dinar han de portar una autoritzaci\u00f3 m\u00e8dica.<\/span><\/p>\n<p align=\"JUSTIFY\"><span style=\"font-family: Arial, sans-serif;\"><span style=\"color: #000000;\">&#8211; Aquest curs el bloc que sempre s\u2019ha utilitzat desapareix i s\u2019ha creat una nova plataforma, des del Departament d\u2019Ensenyament, on hi podeu anar seguint les activitats que realitzem al PDC a trav\u00e9s d\u2019aquesta plataforma, l\u2019enlla\u00e7 de la qual \u00e9s: <\/span><span style=\"color: #6666ff;\">agora.xtec.cat\/ceehoritzo\/<\/span><\/span><\/p>\n<ol start=\"3\">\n<li>\n<p align=\"JUSTIFY\"><span style=\"font-family: Arial, sans-serif;\"><u>NORMES DE FUNCIONAMENT DEL PDC \u201cCREIXEM\u201d<\/u><\/span><\/p>\n<\/li>\n<\/ol>\n<ul>\n<li>\n<p align=\"JUSTIFY\"><span style=\"font-family: Arial, sans-serif;\">Assistir cada dia al PDC.<\/span><\/p>\n<\/li>\n<li>\n<p align=\"JUSTIFY\"><span style=\"font-family: Arial, sans-serif;\">Arribar al centre puntualment.<\/span><\/p>\n<\/li>\n<li>\n<p align=\"JUSTIFY\"><span style=\"font-family: Arial, sans-serif;\">Portar justificant escrit en cas de no poder venir un dia.<\/span><\/p>\n<\/li>\n<li>\n<p align=\"JUSTIFY\"><span style=\"font-family: Arial, sans-serif;\">No es poden tenir m\u00f2bils ni altres objectes electr\u00f2nics al PDC, cal deixar-los al despatx de direcci\u00f3.<\/span><\/p>\n<\/li>\n<li>\n<p align=\"JUSTIFY\"><span style=\"font-family: Arial, sans-serif;\">Portar una vestimenta adequada i respectuosa amb els dem\u00e9s.<\/span><\/p>\n<\/li>\n<li>\n<p align=\"JUSTIFY\"><span style=\"font-family: Arial, sans-serif;\">Mantenir una higiene correcte.<\/span><\/p>\n<\/li>\n<li>\n<p align=\"JUSTIFY\"><span style=\"font-family: Arial, sans-serif;\">Utilitzar un llenguatge correcte (no dir grolleries ni utilitzar paraules mal sonants aix\u00ed com no cridar i utilitzar un to de veu adequat).<\/span><\/p>\n<\/li>\n<li>\n<p align=\"JUSTIFY\"><span style=\"font-family: Arial, sans-serif;\">No insultar ni faltar al respecte als dem\u00e9s (companys, professionals i altres persones del CEE Horitz\u00f3 o del carrer).<\/span><\/p>\n<\/li>\n<li>\n<p align=\"JUSTIFY\"><span style=\"font-family: Arial, sans-serif;\">Els horaris es compliran estrictament, per tant no es pot menjar en hores de treball.<\/span><\/p>\n<\/li>\n<li>\n<p align=\"JUSTIFY\"><span style=\"font-family: Arial, sans-serif;\">No es pot fumar dins el recinte del CEE Horitz\u00f3 .<\/span><\/p>\n<\/li>\n<li>\n<p align=\"JUSTIFY\"><span style=\"font-family: Arial, sans-serif;\">Cal complir totes les tasques que s\u2019encomanin en l\u2019\u00e0mbit del PDC Si no se saben fer, demaneu ajuda.<\/span><\/p>\n<\/li>\n<li>\n<p align=\"JUSTIFY\"><span style=\"font-family: Arial, sans-serif;\">Les q\u00fcestions personals es resoldran en el moment oport\u00fa, mai en hores de treball.<\/span><\/p>\n<\/li>\n<li>\n<p align=\"JUSTIFY\"><span style=\"font-family: Arial, sans-serif;\">No es tolerar\u00e0 cap acci\u00f3 que representi assetjament de qualsevol tipus a companys o professionals.<\/span><\/p>\n<\/li>\n<li>\n<p align=\"JUSTIFY\"><span style=\"font-family: Arial, sans-serif;\">Cal respectar el material, el mobiliari i les instal\u00b7lacions.<\/span><\/p>\n<\/li>\n<\/ul>\n<ol>\n<li>\n<p align=\"JUSTIFY\"><span style=\"font-family: Arial, sans-serif;\"><u>ACTIVITATS DE CAR\u00c0CTER ESPECIAL<\/u><\/span><\/p>\n<\/li>\n<\/ol>\n<ul>\n<li>\n<p align=\"JUSTIFY\"><span style=\"font-family: Arial, sans-serif;\">Aquest curs est\u00e0 previst que durant el tercer trimestre els alumnes del PDC realitzin l\u2019activitat de piscina. L\u2019activitat es realitzar\u00e0 els dijous i comen\u00e7ar\u00e0 el <\/span><span style=\"color: #000000;\"><span style=\"font-family: Arial, sans-serif;\">dijous 20 d\u2019abril de 2017.<\/span><\/span><\/p>\n<\/li>\n<li>\n<p align=\"JUSTIFY\"><span style=\"font-family: Arial, sans-serif;\">A final de curs, en funci\u00f3 dels beneficis recollits mitjan\u00e7ant les activitats de tallers, realitzaran un viatge o una sortida de car\u00e0cter l\u00fadic subvencionat. Per tal de tenir dret a poder venir al viatge o sortida, els alumnes hauran d&#8217;adquirir i tenir uns h\u00e0bits i actitud de treball.<\/span><\/p>\n<\/li>\n<li>\n<p align=\"JUSTIFY\"><span style=\"font-family: Arial, sans-serif;\">Participaci\u00f3 en el programa \u201cPromoci\u00f3 de la salut\u201d de l&#8217;ajuntament de Pineda de Mar.<\/span><\/p>\n<\/li>\n<\/ul>\n","protected":false},"excerpt":{"rendered":"<p>Reuni\u00f3 de pares<\/p>\n","protected":false},"author":3,"featured_media":0,"comment_status":"open","ping_status":"open","sticky":false,"template":"","format":"standard","meta":{"_bbp_topic_count":0,"_bbp_reply_count":0,"_bbp_total_topic_count":0,"_bbp_total_reply_count":0,"_bbp_voice_count":0,"_bbp_anonymous_reply_count":0,"_bbp_topic_count_hidden":0,"_bbp_reply_count_hidden":0,"_bbp_forum_subforum_count":0,"site-sidebar-layout":"default","site-content-layout":"","ast-site-content-layout":"","site-content-style":"default","site-sidebar-style":"default","ast-global-header-display":"","ast-banner-title-visibility":"","ast-main-header-display":"","ast-hfb-above-header-display":"","ast-hfb-below-header-display":"","ast-hfb-mobile-header-display":"","site-post-title":"","ast-breadcrumbs-content":"","ast-featured-img":"","footer-sml-layout":"","theme-transparent-header-meta":"","adv-header-id-meta":"","stick-header-meta":"","header-above-stick-meta":"","header-main-stick-meta":"","header-below-stick-meta":"","astra-migrate-meta-layouts":"default","ast-page-background-enabled":"default","ast-page-background-meta":{"desktop":{"background-color":"var(--ast-global-color-4)","background-image":"","background-repeat":"repeat","background-position":"center center","background-size":"auto","background-attachment":"scroll","background-type":"","background-media":"","overlay-type":"","overlay-color":"","overlay-opacity":"","overlay-gradient":""},"tablet":{"background-color":"","background-image":"","background-repeat":"repeat","background-position":"center center","background-size":"auto","background-attachment":"scroll","background-type":"","background-media":"","overlay-type":"","overlay-color":"","overlay-opacity":"","overlay-gradient":""},"mobile":{"background-color":"","background-image":"","background-repeat":"repeat","background-position":"center center","background-size":"auto","background-attachment":"scroll","background-type":"","background-media":"","overlay-type":"","overlay-color":"","overlay-opacity":"","overlay-gradient":""}},"ast-content-background-meta":{"desktop":{"background-color":"var(--ast-global-color-5)","background-image":"","background-repeat":"repeat","background-position":"center center","background-size":"auto","background-attachment":"scroll","background-type":"","background-media":"","overlay-type":"","overlay-color":"","overlay-opacity":"","overlay-gradient":""},"tablet":{"background-color":"var(--ast-global-color-5)","background-image":"","background-repeat":"repeat","background-position":"center center","background-size":"auto","background-attachment":"scroll","background-type":"","background-media":"","overlay-type":"","overlay-color":"","overlay-opacity":"","overlay-gradient":""},"mobile":{"background-color":"var(--ast-global-color-5)","background-image":"","background-repeat":"repeat","background-position":"center center","background-size":"auto","background-attachment":"scroll","background-type":"","background-media":"","overlay-type":"","overlay-color":"","overlay-opacity":"","overlay-gradient":""}},"footnotes":""},"categories":[45],"tags":[],"class_list":["post-974","post","type-post","status-publish","format-standard","hentry","category-pc"],"post_mailing_queue_ids":[],"_links":{"self":[{"href":"https:\/\/agora.xtec.cat\/ceehoritzo\/wp-json\/wp\/v2\/posts\/974","targetHints":{"allow":["GET"]}}],"collection":[{"href":"https:\/\/agora.xtec.cat\/ceehoritzo\/wp-json\/wp\/v2\/posts"}],"about":[{"href":"https:\/\/agora.xtec.cat\/ceehoritzo\/wp-json\/wp\/v2\/types\/post"}],"author":[{"embeddable":true,"href":"https:\/\/agora.xtec.cat\/ceehoritzo\/wp-json\/wp\/v2\/users\/3"}],"replies":[{"embeddable":true,"href":"https:\/\/agora.xtec.cat\/ceehoritzo\/wp-json\/wp\/v2\/comments?post=974"}],"version-history":[{"count":1,"href":"https:\/\/agora.xtec.cat\/ceehoritzo\/wp-json\/wp\/v2\/posts\/974\/revisions"}],"predecessor-version":[{"id":975,"href":"https:\/\/agora.xtec.cat\/ceehoritzo\/wp-json\/wp\/v2\/posts\/974\/revisions\/975"}],"wp:attachment":[{"href":"https:\/\/agora.xtec.cat\/ceehoritzo\/wp-json\/wp\/v2\/media?parent=974"}],"wp:term":[{"taxonomy":"category","embeddable":true,"href":"https:\/\/agora.xtec.cat\/ceehoritzo\/wp-json\/wp\/v2\/categories?post=974"},{"taxonomy":"post_tag","embeddable":true,"href":"https:\/\/agora.xtec.cat\/ceehoritzo\/wp-json\/wp\/v2\/tags?post=974"}],"curies":[{"name":"wp","href":"https:\/\/api.w.org\/{rel}","templated":true}]}}