{"id":3553,"date":"2025-06-16T19:32:19","date_gmt":"2025-06-16T17:32:19","guid":{"rendered":"https:\/\/agora.xtec.cat\/ceehoritzo\/?p=3553"},"modified":"2025-06-16T19:32:20","modified_gmt":"2025-06-16T17:32:20","slug":"llista-dadmesos-es-a-lescola-cee-horitzo-pels-curs-2025-2026","status":"publish","type":"post","link":"https:\/\/agora.xtec.cat\/ceehoritzo\/general\/llista-dadmesos-es-a-lescola-cee-horitzo-pels-curs-2025-2026\/","title":{"rendered":"LLISTA D&#8217;ADMESOS\/ES A L&#8217;ESCOLA CEE HORITZ\u00d3 PELS CURS 2025-2026"},"content":{"rendered":"\n<p>Els i les alumnes admesos\/es s\u2019han de matricular al centre assignat del 25 de juny al 3 de juliol de 2025.<br>Truqueu al 93.767.13.21 per a concertar una cita. Les persones interessades poden presentar una reclamaci\u00f3 a la directora del servei<br>territorial en el termini de tres dies h\u00e0bils adjuntant la documentaci\u00f3 acreditativa de les seves al\u00b7legacions.<\/p>\n\n\n\n<div data-wp-interactive=\"core\/file\" class=\"wp-block-file\"><object data-wp-bind--hidden=\"!state.hasPdfPreview\" hidden class=\"wp-block-file__embed\" data=\"https:\/\/agora.xtec.cat\/ceehoritzo\/wp-content\/uploads\/usu1191\/2025\/06\/Llistat-dadmesos-a-lescola.-Curs-25-26.pdf\" type=\"application\/pdf\" style=\"width:100%;height:600px\" aria-label=\"Incrustaci\u00f3 del fitxer Llistat d&#039;admesos a l&#039;escola. Curs 25-26..\"><\/object><a id=\"wp-block-file--media-65d1d3a1-12c3-4a70-9f80-11f965f9560e\" href=\"https:\/\/agora.xtec.cat\/ceehoritzo\/wp-content\/uploads\/usu1191\/2025\/06\/Llistat-dadmesos-a-lescola.-Curs-25-26.pdf\">Llistat d&#8217;admesos a l&#8217;escola. Curs 25-26.<\/a><a href=\"https:\/\/agora.xtec.cat\/ceehoritzo\/wp-content\/uploads\/usu1191\/2025\/06\/Llistat-dadmesos-a-lescola.-Curs-25-26.pdf\" class=\"wp-block-file__button wp-element-button\" download aria-describedby=\"wp-block-file--media-65d1d3a1-12c3-4a70-9f80-11f965f9560e\">Baixa<\/a><\/div>\n","protected":false},"excerpt":{"rendered":"<p>Els i les alumnes admesos\/es s\u2019han de matricular al centre assignat del 25 de juny al 3 de juliol de [&hellip;]<\/p>\n","protected":false},"author":3,"featured_media":3484,"comment_status":"open","ping_status":"open","sticky":false,"template":"","format":"standard","meta":{"_bbp_topic_count":0,"_bbp_reply_count":0,"_bbp_total_topic_count":0,"_bbp_total_reply_count":0,"_bbp_voice_count":0,"_bbp_anonymous_reply_count":0,"_bbp_topic_count_hidden":0,"_bbp_reply_count_hidden":0,"_bbp_forum_subforum_count":0,"site-sidebar-layout":"default","site-content-layout":"","ast-site-content-layout":"default","site-content-style":"default","site-sidebar-style":"default","ast-global-header-display":"","ast-banner-title-visibility":"","ast-main-header-display":"","ast-hfb-above-header-display":"","ast-hfb-below-header-display":"","ast-hfb-mobile-header-display":"","site-post-title":"","ast-breadcrumbs-content":"","ast-featured-img":"","footer-sml-layout":"","theme-transparent-header-meta":"","adv-header-id-meta":"","stick-header-meta":"","header-above-stick-meta":"","header-main-stick-meta":"","header-below-stick-meta":"","astra-migrate-meta-layouts":"set","ast-page-background-enabled":"default","ast-page-background-meta":{"desktop":{"background-color":"var(--ast-global-color-4)","background-image":"","background-repeat":"repeat","background-position":"center center","background-size":"auto","background-attachment":"scroll","background-type":"","background-media":"","overlay-type":"","overlay-color":"","overlay-opacity":"","overlay-gradient":""},"tablet":{"background-color":"","background-image":"","background-repeat":"repeat","background-position":"center center","background-size":"auto","background-attachment":"scroll","background-type":"","background-media":"","overlay-type":"","overlay-color":"","overlay-opacity":"","overlay-gradient":""},"mobile":{"background-color":"","background-image":"","background-repeat":"repeat","background-position":"center center","background-size":"auto","background-attachment":"scroll","background-type":"","background-media":"","overlay-type":"","overlay-color":"","overlay-opacity":"","overlay-gradient":""}},"ast-content-background-meta":{"desktop":{"background-color":"var(--ast-global-color-5)","background-image":"","background-repeat":"repeat","background-position":"center center","background-size":"auto","background-attachment":"scroll","background-type":"","background-media":"","overlay-type":"","overlay-color":"","overlay-opacity":"","overlay-gradient":""},"tablet":{"background-color":"var(--ast-global-color-5)","background-image":"","background-repeat":"repeat","background-position":"center center","background-size":"auto","background-attachment":"scroll","background-type":"","background-media":"","overlay-type":"","overlay-color":"","overlay-opacity":"","overlay-gradient":""},"mobile":{"background-color":"var(--ast-global-color-5)","background-image":"","background-repeat":"repeat","background-position":"center center","background-size":"auto","background-attachment":"scroll","background-type":"","background-media":"","overlay-type":"","overlay-color":"","overlay-opacity":"","overlay-gradient":""}},"footnotes":""},"categories":[181,225,180,182,1,188,4,45],"tags":[],"class_list":["post-3553","post","type-post","status-publish","format-standard","has-post-thumbnail","hentry","category-comunitat-de-grans-i-joves","category-comunitat-de-joves-comunitats","category-comunitat-de-mitjans","category-comunitat-de-joves","category-general","category-comunitats","category-portada","category-pc"],"post_mailing_queue_ids":[],"_links":{"self":[{"href":"https:\/\/agora.xtec.cat\/ceehoritzo\/wp-json\/wp\/v2\/posts\/3553","targetHints":{"allow":["GET"]}}],"collection":[{"href":"https:\/\/agora.xtec.cat\/ceehoritzo\/wp-json\/wp\/v2\/posts"}],"about":[{"href":"https:\/\/agora.xtec.cat\/ceehoritzo\/wp-json\/wp\/v2\/types\/post"}],"author":[{"embeddable":true,"href":"https:\/\/agora.xtec.cat\/ceehoritzo\/wp-json\/wp\/v2\/users\/3"}],"replies":[{"embeddable":true,"href":"https:\/\/agora.xtec.cat\/ceehoritzo\/wp-json\/wp\/v2\/comments?post=3553"}],"version-history":[{"count":1,"href":"https:\/\/agora.xtec.cat\/ceehoritzo\/wp-json\/wp\/v2\/posts\/3553\/revisions"}],"predecessor-version":[{"id":3555,"href":"https:\/\/agora.xtec.cat\/ceehoritzo\/wp-json\/wp\/v2\/posts\/3553\/revisions\/3555"}],"wp:featuredmedia":[{"embeddable":true,"href":"https:\/\/agora.xtec.cat\/ceehoritzo\/wp-json\/wp\/v2\/media\/3484"}],"wp:attachment":[{"href":"https:\/\/agora.xtec.cat\/ceehoritzo\/wp-json\/wp\/v2\/media?parent=3553"}],"wp:term":[{"taxonomy":"category","embeddable":true,"href":"https:\/\/agora.xtec.cat\/ceehoritzo\/wp-json\/wp\/v2\/categories?post=3553"},{"taxonomy":"post_tag","embeddable":true,"href":"https:\/\/agora.xtec.cat\/ceehoritzo\/wp-json\/wp\/v2\/tags?post=3553"}],"curies":[{"name":"wp","href":"https:\/\/api.w.org\/{rel}","templated":true}]}}