{"id":3258,"date":"2022-06-22T10:00:03","date_gmt":"2022-06-22T08:00:03","guid":{"rendered":"https:\/\/agora.xtec.cat\/ceehoritzo\/?p=3258"},"modified":"2022-06-21T16:40:40","modified_gmt":"2022-06-21T14:40:40","slug":"acte-de-graduacio-de-la-tercera-promocio-del-ife","status":"publish","type":"post","link":"https:\/\/agora.xtec.cat\/ceehoritzo\/comunitats\/ife\/acte-de-graduacio-de-la-tercera-promocio-del-ife\/","title":{"rendered":"Acte de graduaci\u00f3 de la tercera promoci\u00f3 del IFE"},"content":{"rendered":"<div align=\"justify\"><\/div>\n<div align=\"justify\">Avui s&#8217;ha celebrat l&#8217;acte de graduaci\u00f3 de l&#8217;alumnat de quart d&#8217;IFE. Ha estat un acte molt bonic i emotiu. Aquesta promoci\u00f3 va comen\u00e7ar la formaci\u00f3 a l&#8217;escola el curs 2018-2019, la pand\u00e8mia ha coincidit amb els cursos centrals de l&#8217;itinerari. Un entrebanc que han superat amb molta determinaci\u00f3. Si mirem enrere veiem com el nivell de maduresa que han adquirit \u00e9s molt gran. Deixaran una gran empremta per la seva manera de ser i de fer.<\/div>\n<div align=\"justify\"><\/div>\n<div>Us deixem amb un v\u00eddeo resum que s&#8217;ha projectat durant l&#8217;acte del seu pas per el centre.<\/div>\n<div><\/div>\n<p><iframe loading=\"lazy\" title=\"YouTube video player\" src=\"https:\/\/www.youtube.com\/embed\/UFZLCc-8Djw\" width=\"560\" height=\"315\" frameborder=\"0\" allowfullscreen=\"allowfullscreen\"><\/iframe><\/p>\n<div><\/div>\n<div>I aqu\u00ed podeu veure unes imatges\u00a0 de l&#8217;acte de de graduaci\u00f3. L&#8217;\u00e0lbum complet el trobareu en aquest <a href=\"https:\/\/drive.google.com\/drive\/folders\/1-rewE_vl2zJDSf41i0xrkgHRpfiU662L?usp=sharing\" target=\"_blank\" rel=\"noopener\">enlla\u00e7<\/a><\/div>\n<div>\n<p><a href=\"https:\/\/agora.xtec.cat\/ceehoritzo\/wp-content\/uploads\/usu1191\/2022\/06\/IMG_20220621_112504-1.jpg\"><img loading=\"lazy\" decoding=\"async\" class=\"aligncenter size-medium wp-image-3259\" src=\"https:\/\/agora.xtec.cat\/ceehoritzo\/wp-content\/uploads\/usu1191\/2022\/06\/IMG_20220621_112504-1-300x225.jpg\" alt=\"\" width=\"300\" height=\"225\" srcset=\"https:\/\/agora.xtec.cat\/ceehoritzo\/wp-content\/uploads\/usu1191\/2022\/06\/IMG_20220621_112504-1-300x225.jpg 300w, https:\/\/agora.xtec.cat\/ceehoritzo\/wp-content\/uploads\/usu1191\/2022\/06\/IMG_20220621_112504-1-768x576.jpg 768w, https:\/\/agora.xtec.cat\/ceehoritzo\/wp-content\/uploads\/usu1191\/2022\/06\/IMG_20220621_112504-1-200x150.jpg 200w, https:\/\/agora.xtec.cat\/ceehoritzo\/wp-content\/uploads\/usu1191\/2022\/06\/IMG_20220621_112504-1.jpg 1024w\" sizes=\"auto, (max-width: 300px) 100vw, 300px\" \/><\/a><\/p>\n<p><a href=\"https:\/\/agora.xtec.cat\/ceehoritzo\/wp-content\/uploads\/usu1191\/2022\/06\/IMG_20220621_113259-1.jpg\"><img loading=\"lazy\" decoding=\"async\" class=\"size-medium wp-image-3260\" src=\"https:\/\/agora.xtec.cat\/ceehoritzo\/wp-content\/uploads\/usu1191\/2022\/06\/IMG_20220621_113259-1-300x225.jpg\" alt=\"\" width=\"300\" height=\"225\" srcset=\"https:\/\/agora.xtec.cat\/ceehoritzo\/wp-content\/uploads\/usu1191\/2022\/06\/IMG_20220621_113259-1-300x225.jpg 300w, https:\/\/agora.xtec.cat\/ceehoritzo\/wp-content\/uploads\/usu1191\/2022\/06\/IMG_20220621_113259-1-768x576.jpg 768w, https:\/\/agora.xtec.cat\/ceehoritzo\/wp-content\/uploads\/usu1191\/2022\/06\/IMG_20220621_113259-1-200x150.jpg 200w, https:\/\/agora.xtec.cat\/ceehoritzo\/wp-content\/uploads\/usu1191\/2022\/06\/IMG_20220621_113259-1.jpg 1024w\" sizes=\"auto, (max-width: 300px) 100vw, 300px\" \/><\/a><\/p>\n<p><a href=\"https:\/\/agora.xtec.cat\/ceehoritzo\/wp-content\/uploads\/usu1191\/2022\/06\/IMG_20220621_111611-1.jpg\"><img loading=\"lazy\" decoding=\"async\" class=\"aligncenter size-medium wp-image-3261\" src=\"https:\/\/agora.xtec.cat\/ceehoritzo\/wp-content\/uploads\/usu1191\/2022\/06\/IMG_20220621_111611-1-300x225.jpg\" alt=\"\" width=\"300\" height=\"225\" srcset=\"https:\/\/agora.xtec.cat\/ceehoritzo\/wp-content\/uploads\/usu1191\/2022\/06\/IMG_20220621_111611-1-300x225.jpg 300w, https:\/\/agora.xtec.cat\/ceehoritzo\/wp-content\/uploads\/usu1191\/2022\/06\/IMG_20220621_111611-1-768x576.jpg 768w, https:\/\/agora.xtec.cat\/ceehoritzo\/wp-content\/uploads\/usu1191\/2022\/06\/IMG_20220621_111611-1-200x150.jpg 200w, https:\/\/agora.xtec.cat\/ceehoritzo\/wp-content\/uploads\/usu1191\/2022\/06\/IMG_20220621_111611-1.jpg 1024w\" sizes=\"auto, (max-width: 300px) 100vw, 300px\" \/><\/a><\/p>\n<\/div>\n","protected":false},"excerpt":{"rendered":"<p>Avui s&#8217;ha celebrat l&#8217;acte de graduaci\u00f3 de l&#8217;alumnat de quart d&#8217;IFE. Ha estat un acte molt bonic i emotiu. Aquesta [&hellip;]<\/p>\n","protected":false},"author":15,"featured_media":0,"comment_status":"open","ping_status":"closed","sticky":false,"template":"","format":"standard","meta":{"_bbp_topic_count":0,"_bbp_reply_count":0,"_bbp_total_topic_count":0,"_bbp_total_reply_count":0,"_bbp_voice_count":0,"_bbp_anonymous_reply_count":0,"_bbp_topic_count_hidden":0,"_bbp_reply_count_hidden":0,"_bbp_forum_subforum_count":0,"site-sidebar-layout":"default","site-content-layout":"","ast-site-content-layout":"","site-content-style":"default","site-sidebar-style":"default","ast-global-header-display":"","ast-banner-title-visibility":"","ast-main-header-display":"","ast-hfb-above-header-display":"","ast-hfb-below-header-display":"","ast-hfb-mobile-header-display":"","site-post-title":"","ast-breadcrumbs-content":"","ast-featured-img":"","footer-sml-layout":"","theme-transparent-header-meta":"","adv-header-id-meta":"","stick-header-meta":"","header-above-stick-meta":"","header-main-stick-meta":"","header-below-stick-meta":"","astra-migrate-meta-layouts":"default","ast-page-background-enabled":"default","ast-page-background-meta":{"desktop":{"background-color":"var(--ast-global-color-4)","background-image":"","background-repeat":"repeat","background-position":"center center","background-size":"auto","background-attachment":"scroll","background-type":"","background-media":"","overlay-type":"","overlay-color":"","overlay-opacity":"","overlay-gradient":""},"tablet":{"background-color":"","background-image":"","background-repeat":"repeat","background-position":"center center","background-size":"auto","background-attachment":"scroll","background-type":"","background-media":"","overlay-type":"","overlay-color":"","overlay-opacity":"","overlay-gradient":""},"mobile":{"background-color":"","background-image":"","background-repeat":"repeat","background-position":"center center","background-size":"auto","background-attachment":"scroll","background-type":"","background-media":"","overlay-type":"","overlay-color":"","overlay-opacity":"","overlay-gradient":""}},"ast-content-background-meta":{"desktop":{"background-color":"var(--ast-global-color-5)","background-image":"","background-repeat":"repeat","background-position":"center center","background-size":"auto","background-attachment":"scroll","background-type":"","background-media":"","overlay-type":"","overlay-color":"","overlay-opacity":"","overlay-gradient":""},"tablet":{"background-color":"var(--ast-global-color-5)","background-image":"","background-repeat":"repeat","background-position":"center center","background-size":"auto","background-attachment":"scroll","background-type":"","background-media":"","overlay-type":"","overlay-color":"","overlay-opacity":"","overlay-gradient":""},"mobile":{"background-color":"var(--ast-global-color-5)","background-image":"","background-repeat":"repeat","background-position":"center center","background-size":"auto","background-attachment":"scroll","background-type":"","background-media":"","overlay-type":"","overlay-color":"","overlay-opacity":"","overlay-gradient":""}},"footnotes":""},"categories":[88],"tags":[217,224,96],"class_list":["post-3258","post","type-post","status-publish","format-standard","hentry","category-ife","tag-4t-dife","tag-acte-de-graduacio","tag-ife"],"post_mailing_queue_ids":[],"_links":{"self":[{"href":"https:\/\/agora.xtec.cat\/ceehoritzo\/wp-json\/wp\/v2\/posts\/3258","targetHints":{"allow":["GET"]}}],"collection":[{"href":"https:\/\/agora.xtec.cat\/ceehoritzo\/wp-json\/wp\/v2\/posts"}],"about":[{"href":"https:\/\/agora.xtec.cat\/ceehoritzo\/wp-json\/wp\/v2\/types\/post"}],"author":[{"embeddable":true,"href":"https:\/\/agora.xtec.cat\/ceehoritzo\/wp-json\/wp\/v2\/users\/15"}],"replies":[{"embeddable":true,"href":"https:\/\/agora.xtec.cat\/ceehoritzo\/wp-json\/wp\/v2\/comments?post=3258"}],"version-history":[{"count":3,"href":"https:\/\/agora.xtec.cat\/ceehoritzo\/wp-json\/wp\/v2\/posts\/3258\/revisions"}],"predecessor-version":[{"id":3265,"href":"https:\/\/agora.xtec.cat\/ceehoritzo\/wp-json\/wp\/v2\/posts\/3258\/revisions\/3265"}],"wp:attachment":[{"href":"https:\/\/agora.xtec.cat\/ceehoritzo\/wp-json\/wp\/v2\/media?parent=3258"}],"wp:term":[{"taxonomy":"category","embeddable":true,"href":"https:\/\/agora.xtec.cat\/ceehoritzo\/wp-json\/wp\/v2\/categories?post=3258"},{"taxonomy":"post_tag","embeddable":true,"href":"https:\/\/agora.xtec.cat\/ceehoritzo\/wp-json\/wp\/v2\/tags?post=3258"}],"curies":[{"name":"wp","href":"https:\/\/api.w.org\/{rel}","templated":true}]}}