{"id":3241,"date":"2022-05-13T13:53:45","date_gmt":"2022-05-13T11:53:45","guid":{"rendered":"https:\/\/agora.xtec.cat\/ceehoritzo\/?p=3241"},"modified":"2022-05-13T13:53:45","modified_gmt":"2022-05-13T11:53:45","slug":"logotip-del-cee-horitzo","status":"publish","type":"post","link":"https:\/\/agora.xtec.cat\/ceehoritzo\/portada\/logotip-del-cee-horitzo\/","title":{"rendered":"LOGOTIP DEL CEE HORITZ\u00d3"},"content":{"rendered":"<p style=\"text-align: justify;\">Pel motiu de la diada de Sant Jordi, vam celebrar al centre, una jordana de portes obertes amb les fam\u00edlies. Va ser una jornada de retrobament, ja que feia dos anys que no en pod\u00edem gaudir d&#8217;una jornada com aquesta. Es va poder fer diversos tallers per grans i petits amb els seus familiars. Tamb\u00e9 es va fer la plantada de dos arbres al pati. El bon temps i la bona companyia va convertir la jornada en inoblidable. Gr\u00e0cies a tothom per fer-la possible.<\/p>\n<p><a href=\"https:\/\/agora.xtec.cat\/ceehoritzo\/wp-content\/uploads\/usu1191\/2022\/05\/964c5a5e-730b-4aa2-a5af-7495b3b60596.jpg\"><img loading=\"lazy\" decoding=\"async\" class=\"wp-image-3242 alignleft\" src=\"https:\/\/agora.xtec.cat\/ceehoritzo\/wp-content\/uploads\/usu1191\/2022\/05\/964c5a5e-730b-4aa2-a5af-7495b3b60596-1024x768.jpg\" alt=\"\" width=\"393\" height=\"295\" srcset=\"https:\/\/agora.xtec.cat\/ceehoritzo\/wp-content\/uploads\/usu1191\/2022\/05\/964c5a5e-730b-4aa2-a5af-7495b3b60596-1024x768.jpg 1024w, https:\/\/agora.xtec.cat\/ceehoritzo\/wp-content\/uploads\/usu1191\/2022\/05\/964c5a5e-730b-4aa2-a5af-7495b3b60596-300x225.jpg 300w, https:\/\/agora.xtec.cat\/ceehoritzo\/wp-content\/uploads\/usu1191\/2022\/05\/964c5a5e-730b-4aa2-a5af-7495b3b60596-768x576.jpg 768w, https:\/\/agora.xtec.cat\/ceehoritzo\/wp-content\/uploads\/usu1191\/2022\/05\/964c5a5e-730b-4aa2-a5af-7495b3b60596-1536x1152.jpg 1536w, https:\/\/agora.xtec.cat\/ceehoritzo\/wp-content\/uploads\/usu1191\/2022\/05\/964c5a5e-730b-4aa2-a5af-7495b3b60596-200x150.jpg 200w, https:\/\/agora.xtec.cat\/ceehoritzo\/wp-content\/uploads\/usu1191\/2022\/05\/964c5a5e-730b-4aa2-a5af-7495b3b60596.jpg 2048w\" sizes=\"auto, (max-width: 393px) 100vw, 393px\" \/><\/a><\/p>\n<p style=\"text-align: justify;\">Aquests mateix dia es va escollir conjuntament amb tota la comunitat educativa del CEE Horitz\u00f3 el logotip que ens acompanyar\u00e0 en les publicacions de circulars, en la web del centre i en la resta de documents. D&#8217;entre molts models elaborats per tots els alumnes del centre, es va realitzar una exposici\u00f3 al Hall d&#8217;entrada. Paral\u00b7lelament es va demanar que les fam\u00edlies que participessin de la votaci\u00f3 enviant un formulari de google. Entre les fam\u00edlies, els personal del centre i els alumnes va sortir un Logotip guanyador.\u00a0 En complau compartir amb vosaltres el Logotip. Esperem que us agradi.<\/p>\n<p><a href=\"https:\/\/agora.xtec.cat\/ceehoritzo\/wp-content\/uploads\/usu1191\/2022\/05\/LOGO_CEE-HORITZO_B_103x67-mm_300-ppp.jpg\"><img loading=\"lazy\" decoding=\"async\" class=\"aligncenter  wp-image-3212\" src=\"https:\/\/agora.xtec.cat\/ceehoritzo\/wp-content\/uploads\/usu1191\/2022\/05\/LOGO_CEE-HORITZO_B_103x67-mm_300-ppp-1024x666.jpg\" alt=\"\" width=\"462\" height=\"301\" srcset=\"https:\/\/agora.xtec.cat\/ceehoritzo\/wp-content\/uploads\/usu1191\/2022\/05\/LOGO_CEE-HORITZO_B_103x67-mm_300-ppp-1024x666.jpg 1024w, https:\/\/agora.xtec.cat\/ceehoritzo\/wp-content\/uploads\/usu1191\/2022\/05\/LOGO_CEE-HORITZO_B_103x67-mm_300-ppp-300x195.jpg 300w, https:\/\/agora.xtec.cat\/ceehoritzo\/wp-content\/uploads\/usu1191\/2022\/05\/LOGO_CEE-HORITZO_B_103x67-mm_300-ppp-768x500.jpg 768w, https:\/\/agora.xtec.cat\/ceehoritzo\/wp-content\/uploads\/usu1191\/2022\/05\/LOGO_CEE-HORITZO_B_103x67-mm_300-ppp-200x130.jpg 200w, https:\/\/agora.xtec.cat\/ceehoritzo\/wp-content\/uploads\/usu1191\/2022\/05\/LOGO_CEE-HORITZO_B_103x67-mm_300-ppp.jpg 1217w\" sizes=\"auto, (max-width: 462px) 100vw, 462px\" \/><\/a><\/p>\n","protected":false},"excerpt":{"rendered":"<p>Pel motiu de la diada de Sant Jordi, vam celebrar al centre, una jordana de portes obertes amb les fam\u00edlies. [&hellip;]<\/p>\n","protected":false},"author":3,"featured_media":3212,"comment_status":"open","ping_status":"closed","sticky":false,"template":"","format":"standard","meta":{"_bbp_topic_count":0,"_bbp_reply_count":0,"_bbp_total_topic_count":0,"_bbp_total_reply_count":0,"_bbp_voice_count":0,"_bbp_anonymous_reply_count":0,"_bbp_topic_count_hidden":0,"_bbp_reply_count_hidden":0,"_bbp_forum_subforum_count":0,"site-sidebar-layout":"default","site-content-layout":"","ast-site-content-layout":"","site-content-style":"default","site-sidebar-style":"default","ast-global-header-display":"","ast-banner-title-visibility":"","ast-main-header-display":"","ast-hfb-above-header-display":"","ast-hfb-below-header-display":"","ast-hfb-mobile-header-display":"","site-post-title":"","ast-breadcrumbs-content":"","ast-featured-img":"","footer-sml-layout":"","theme-transparent-header-meta":"","adv-header-id-meta":"","stick-header-meta":"","header-above-stick-meta":"","header-main-stick-meta":"","header-below-stick-meta":"","astra-migrate-meta-layouts":"default","ast-page-background-enabled":"default","ast-page-background-meta":{"desktop":{"background-color":"var(--ast-global-color-4)","background-image":"","background-repeat":"repeat","background-position":"center center","background-size":"auto","background-attachment":"scroll","background-type":"","background-media":"","overlay-type":"","overlay-color":"","overlay-opacity":"","overlay-gradient":""},"tablet":{"background-color":"","background-image":"","background-repeat":"repeat","background-position":"center center","background-size":"auto","background-attachment":"scroll","background-type":"","background-media":"","overlay-type":"","overlay-color":"","overlay-opacity":"","overlay-gradient":""},"mobile":{"background-color":"","background-image":"","background-repeat":"repeat","background-position":"center center","background-size":"auto","background-attachment":"scroll","background-type":"","background-media":"","overlay-type":"","overlay-color":"","overlay-opacity":"","overlay-gradient":""}},"ast-content-background-meta":{"desktop":{"background-color":"var(--ast-global-color-5)","background-image":"","background-repeat":"repeat","background-position":"center center","background-size":"auto","background-attachment":"scroll","background-type":"","background-media":"","overlay-type":"","overlay-color":"","overlay-opacity":"","overlay-gradient":""},"tablet":{"background-color":"var(--ast-global-color-5)","background-image":"","background-repeat":"repeat","background-position":"center center","background-size":"auto","background-attachment":"scroll","background-type":"","background-media":"","overlay-type":"","overlay-color":"","overlay-opacity":"","overlay-gradient":""},"mobile":{"background-color":"var(--ast-global-color-5)","background-image":"","background-repeat":"repeat","background-position":"center center","background-size":"auto","background-attachment":"scroll","background-type":"","background-media":"","overlay-type":"","overlay-color":"","overlay-opacity":"","overlay-gradient":""}},"footnotes":""},"categories":[181,180,182,88,4,45],"tags":[],"class_list":["post-3241","post","type-post","status-publish","format-standard","has-post-thumbnail","hentry","category-comunitat-de-grans-i-joves","category-comunitat-de-mitjans","category-comunitat-de-joves","category-ife","category-portada","category-pc"],"post_mailing_queue_ids":[],"_links":{"self":[{"href":"https:\/\/agora.xtec.cat\/ceehoritzo\/wp-json\/wp\/v2\/posts\/3241","targetHints":{"allow":["GET"]}}],"collection":[{"href":"https:\/\/agora.xtec.cat\/ceehoritzo\/wp-json\/wp\/v2\/posts"}],"about":[{"href":"https:\/\/agora.xtec.cat\/ceehoritzo\/wp-json\/wp\/v2\/types\/post"}],"author":[{"embeddable":true,"href":"https:\/\/agora.xtec.cat\/ceehoritzo\/wp-json\/wp\/v2\/users\/3"}],"replies":[{"embeddable":true,"href":"https:\/\/agora.xtec.cat\/ceehoritzo\/wp-json\/wp\/v2\/comments?post=3241"}],"version-history":[{"count":1,"href":"https:\/\/agora.xtec.cat\/ceehoritzo\/wp-json\/wp\/v2\/posts\/3241\/revisions"}],"predecessor-version":[{"id":3243,"href":"https:\/\/agora.xtec.cat\/ceehoritzo\/wp-json\/wp\/v2\/posts\/3241\/revisions\/3243"}],"wp:featuredmedia":[{"embeddable":true,"href":"https:\/\/agora.xtec.cat\/ceehoritzo\/wp-json\/wp\/v2\/media\/3212"}],"wp:attachment":[{"href":"https:\/\/agora.xtec.cat\/ceehoritzo\/wp-json\/wp\/v2\/media?parent=3241"}],"wp:term":[{"taxonomy":"category","embeddable":true,"href":"https:\/\/agora.xtec.cat\/ceehoritzo\/wp-json\/wp\/v2\/categories?post=3241"},{"taxonomy":"post_tag","embeddable":true,"href":"https:\/\/agora.xtec.cat\/ceehoritzo\/wp-json\/wp\/v2\/tags?post=3241"}],"curies":[{"name":"wp","href":"https:\/\/api.w.org\/{rel}","templated":true}]}}