{"id":2560,"date":"2020-06-12T17:01:50","date_gmt":"2020-06-12T15:01:50","guid":{"rendered":"http:\/\/agora.xtec.cat\/ceehoritzo\/?p=2560"},"modified":"2020-06-19T14:50:02","modified_gmt":"2020-06-19T12:50:02","slug":"preinscripcio-i-matriculacio-ife-2020-2021","status":"publish","type":"post","link":"https:\/\/agora.xtec.cat\/ceehoritzo\/general\/preinscripcio-i-matriculacio-ife-2020-2021\/","title":{"rendered":"PREINSCRIPCI\u00d3 I MATRICULACI\u00d3 IFE 2020\/2021"},"content":{"rendered":"<p>Benvolgudes fam\u00edlies, ha sortit la <a href=\"https:\/\/agora.xtec.cat\/ceehoritzo\/wp-content\/uploads\/usu1191\/2020\/06\/Resoluci\u00f3-EDU1166-2020-de-28-de-maig-Preinscripci\u00f3-i-Matr\u00edcula-IFE-2020-2021-1.pdf\">Resoluci\u00f3 EDU1166-2020 de 28 de maig<\/a>, per la qual es determinen el calendari i les condicions de la preinscripci\u00f3 i matr\u00edcula, per al curs 2020-2021, als itineraris formatius espec\u00edfics (IFE).<\/p>\n<p>El calendari establert \u00e9s:<\/p>\n<ol>\n<li>Oferta inicial de places escolars: 23 de maig 2020.<\/li>\n<li>Presentaci\u00f3 de<a href=\"http:\/\/queestudiar.gencat.cat\/ca\/preinscripcio\/estudis\/ife\/documentacio\/\"> sol\u00b7licituds<\/a>:\u00a0<strong>del 29 de juny al 7 de juliol de 2020.<\/strong><\/li>\n<li>Sorteig del n\u00famero de desempat: 8 de juliol 2020 (al centre CEE Horitz\u00f3).<\/li>\n<li>Llista de sol\u00b7licituds amb puntuaci\u00f3 provisional: 10 de juliol 2020.<\/li>\n<li>Presentaci\u00f3 de reclamacions: del 13 al 15 de juliol de 2020.<\/li>\n<li>Llista baremada amb l&#8217;assignaci\u00f3 definitiva: 17 de juliol de 2020.<\/li>\n<li>Matr\u00edcula: del 20 al 24 de juliol de 2020.<\/li>\n<\/ol>\n<p>Aqu\u00ed teniu un enlla\u00e7 amb la informaci\u00f3 necess\u00e0ria per saber quina documentaci\u00f3 necessiteu per poder fer la<a href=\"http:\/\/queestudiar.gencat.cat\/ca\/preinscripcio\/estudis\/ife\/documentacio\/\"> sol\u00b7licitud<\/a>.<\/p>\n","protected":false},"excerpt":{"rendered":"<p>Benvolgudes fam\u00edlies, ha sortit la Resoluci\u00f3 EDU1166-2020 de 28 de maig, per la qual es determinen el calendari i les [&hellip;]<\/p>\n","protected":false},"author":3,"featured_media":0,"comment_status":"open","ping_status":"closed","sticky":false,"template":"","format":"standard","meta":{"_bbp_topic_count":0,"_bbp_reply_count":0,"_bbp_total_topic_count":0,"_bbp_total_reply_count":0,"_bbp_voice_count":0,"_bbp_anonymous_reply_count":0,"_bbp_topic_count_hidden":0,"_bbp_reply_count_hidden":0,"_bbp_forum_subforum_count":0,"site-sidebar-layout":"default","site-content-layout":"","ast-site-content-layout":"","site-content-style":"default","site-sidebar-style":"default","ast-global-header-display":"","ast-banner-title-visibility":"","ast-main-header-display":"","ast-hfb-above-header-display":"","ast-hfb-below-header-display":"","ast-hfb-mobile-header-display":"","site-post-title":"","ast-breadcrumbs-content":"","ast-featured-img":"","footer-sml-layout":"","theme-transparent-header-meta":"","adv-header-id-meta":"","stick-header-meta":"","header-above-stick-meta":"","header-main-stick-meta":"","header-below-stick-meta":"","astra-migrate-meta-layouts":"default","ast-page-background-enabled":"default","ast-page-background-meta":{"desktop":{"background-color":"var(--ast-global-color-4)","background-image":"","background-repeat":"repeat","background-position":"center center","background-size":"auto","background-attachment":"scroll","background-type":"","background-media":"","overlay-type":"","overlay-color":"","overlay-opacity":"","overlay-gradient":""},"tablet":{"background-color":"","background-image":"","background-repeat":"repeat","background-position":"center center","background-size":"auto","background-attachment":"scroll","background-type":"","background-media":"","overlay-type":"","overlay-color":"","overlay-opacity":"","overlay-gradient":""},"mobile":{"background-color":"","background-image":"","background-repeat":"repeat","background-position":"center center","background-size":"auto","background-attachment":"scroll","background-type":"","background-media":"","overlay-type":"","overlay-color":"","overlay-opacity":"","overlay-gradient":""}},"ast-content-background-meta":{"desktop":{"background-color":"var(--ast-global-color-5)","background-image":"","background-repeat":"repeat","background-position":"center center","background-size":"auto","background-attachment":"scroll","background-type":"","background-media":"","overlay-type":"","overlay-color":"","overlay-opacity":"","overlay-gradient":""},"tablet":{"background-color":"var(--ast-global-color-5)","background-image":"","background-repeat":"repeat","background-position":"center center","background-size":"auto","background-attachment":"scroll","background-type":"","background-media":"","overlay-type":"","overlay-color":"","overlay-opacity":"","overlay-gradient":""},"mobile":{"background-color":"var(--ast-global-color-5)","background-image":"","background-repeat":"repeat","background-position":"center center","background-size":"auto","background-attachment":"scroll","background-type":"","background-media":"","overlay-type":"","overlay-color":"","overlay-opacity":"","overlay-gradient":""}},"footnotes":""},"categories":[181,1,88,4,45],"tags":[],"class_list":["post-2560","post","type-post","status-publish","format-standard","hentry","category-comunitat-de-grans-i-joves","category-general","category-ife","category-portada","category-pc"],"post_mailing_queue_ids":[],"_links":{"self":[{"href":"https:\/\/agora.xtec.cat\/ceehoritzo\/wp-json\/wp\/v2\/posts\/2560","targetHints":{"allow":["GET"]}}],"collection":[{"href":"https:\/\/agora.xtec.cat\/ceehoritzo\/wp-json\/wp\/v2\/posts"}],"about":[{"href":"https:\/\/agora.xtec.cat\/ceehoritzo\/wp-json\/wp\/v2\/types\/post"}],"author":[{"embeddable":true,"href":"https:\/\/agora.xtec.cat\/ceehoritzo\/wp-json\/wp\/v2\/users\/3"}],"replies":[{"embeddable":true,"href":"https:\/\/agora.xtec.cat\/ceehoritzo\/wp-json\/wp\/v2\/comments?post=2560"}],"version-history":[{"count":2,"href":"https:\/\/agora.xtec.cat\/ceehoritzo\/wp-json\/wp\/v2\/posts\/2560\/revisions"}],"predecessor-version":[{"id":2846,"href":"https:\/\/agora.xtec.cat\/ceehoritzo\/wp-json\/wp\/v2\/posts\/2560\/revisions\/2846"}],"wp:attachment":[{"href":"https:\/\/agora.xtec.cat\/ceehoritzo\/wp-json\/wp\/v2\/media?parent=2560"}],"wp:term":[{"taxonomy":"category","embeddable":true,"href":"https:\/\/agora.xtec.cat\/ceehoritzo\/wp-json\/wp\/v2\/categories?post=2560"},{"taxonomy":"post_tag","embeddable":true,"href":"https:\/\/agora.xtec.cat\/ceehoritzo\/wp-json\/wp\/v2\/tags?post=2560"}],"curies":[{"name":"wp","href":"https:\/\/api.w.org\/{rel}","templated":true}]}}