{"id":1938,"date":"2019-04-29T12:53:49","date_gmt":"2019-04-29T10:53:49","guid":{"rendered":"http:\/\/agora.xtec.cat\/ceehoritzo\/?p=1938"},"modified":"2019-04-29T13:05:00","modified_gmt":"2019-04-29T11:05:00","slug":"jornada-de-portes-obertes-a-lescola","status":"publish","type":"post","link":"https:\/\/agora.xtec.cat\/ceehoritzo\/general\/jornada-de-portes-obertes-a-lescola\/","title":{"rendered":"JORNADA DE PORTES OBERTES A L&#8217;ESCOLA"},"content":{"rendered":"<p>Hem celebrat, un curs m\u00e9s, les jornades de portes obertes a l&#8217;escola, un dia d&#8217;uni\u00f3 entre escola i fam\u00edlies.<\/p>\n<p>Amb un sol radiant vam sortir al pati a celebrar aquest bonic dia tot fent uns tallers que ens van servir per decorar el pati de l&#8217;escola, per viure experi\u00e8ncies conjuntes i, com no, per veure que escola i fam\u00edlies anem junts vers la mateixa direcci\u00f3.<\/p>\n<p>Va ser un dia de riures, de converses, de germanor&#8230;.on tots vam sortir contents de compatir, un cop m\u00e9s, una jornada junts.<\/p>\n<p>Els alumnes del PDC van aprofitar per exposar el seu treball, mostrar ho b\u00e9 que fan de cambrers (a trav\u00e9s d&#8217;un pica-pica que l&#8217;AMPA ens va oferir) i posant una paradeta on venien els productes que elaboren artesanalment en el taller i que tothom va poder veure, comprar i, fins i tot, encarregar. Una gran feina que fan i que tothom va elogiar.<\/p>\n<p>A tothom, fam\u00edlies, alumnes i professionals de l&#8217;escola gr\u00e0cies per fer d&#8217;aquest dia un GRAN DIA ple de somriures i bons moments.<\/p>\n<p>Us deixem un petit record de com va anar la jornada.<\/p>\n<div class=\"ast-oembed-container \" style=\"height: 100%;\"><iframe loading=\"lazy\" title=\"PORTES OBERTES DEF\" width=\"500\" height=\"375\" src=\"https:\/\/www.youtube.com\/embed\/8F4wsGa0P6o?feature=oembed\" frameborder=\"0\" allow=\"accelerometer; autoplay; clipboard-write; encrypted-media; gyroscope; picture-in-picture; web-share\" referrerpolicy=\"strict-origin-when-cross-origin\" allowfullscreen><\/iframe><\/div>\n","protected":false},"excerpt":{"rendered":"<p>Hem celebrat, un curs m\u00e9s, les jornades de portes obertes a l&#8217;escola, un dia d&#8217;uni\u00f3 entre escola i fam\u00edlies. Amb [&hellip;]<\/p>\n","protected":false},"author":12,"featured_media":0,"comment_status":"open","ping_status":"closed","sticky":false,"template":"","format":"standard","meta":{"_bbp_topic_count":0,"_bbp_reply_count":0,"_bbp_total_topic_count":0,"_bbp_total_reply_count":0,"_bbp_voice_count":0,"_bbp_anonymous_reply_count":0,"_bbp_topic_count_hidden":0,"_bbp_reply_count_hidden":0,"_bbp_forum_subforum_count":0,"site-sidebar-layout":"default","site-content-layout":"","ast-site-content-layout":"","site-content-style":"default","site-sidebar-style":"default","ast-global-header-display":"","ast-banner-title-visibility":"","ast-main-header-display":"","ast-hfb-above-header-display":"","ast-hfb-below-header-display":"","ast-hfb-mobile-header-display":"","site-post-title":"","ast-breadcrumbs-content":"","ast-featured-img":"","footer-sml-layout":"","theme-transparent-header-meta":"","adv-header-id-meta":"","stick-header-meta":"","header-above-stick-meta":"","header-main-stick-meta":"","header-below-stick-meta":"","astra-migrate-meta-layouts":"default","ast-page-background-enabled":"default","ast-page-background-meta":{"desktop":{"background-color":"var(--ast-global-color-4)","background-image":"","background-repeat":"repeat","background-position":"center center","background-size":"auto","background-attachment":"scroll","background-type":"","background-media":"","overlay-type":"","overlay-color":"","overlay-opacity":"","overlay-gradient":""},"tablet":{"background-color":"","background-image":"","background-repeat":"repeat","background-position":"center center","background-size":"auto","background-attachment":"scroll","background-type":"","background-media":"","overlay-type":"","overlay-color":"","overlay-opacity":"","overlay-gradient":""},"mobile":{"background-color":"","background-image":"","background-repeat":"repeat","background-position":"center center","background-size":"auto","background-attachment":"scroll","background-type":"","background-media":"","overlay-type":"","overlay-color":"","overlay-opacity":"","overlay-gradient":""}},"ast-content-background-meta":{"desktop":{"background-color":"var(--ast-global-color-5)","background-image":"","background-repeat":"repeat","background-position":"center center","background-size":"auto","background-attachment":"scroll","background-type":"","background-media":"","overlay-type":"","overlay-color":"","overlay-opacity":"","overlay-gradient":""},"tablet":{"background-color":"var(--ast-global-color-5)","background-image":"","background-repeat":"repeat","background-position":"center center","background-size":"auto","background-attachment":"scroll","background-type":"","background-media":"","overlay-type":"","overlay-color":"","overlay-opacity":"","overlay-gradient":""},"mobile":{"background-color":"var(--ast-global-color-5)","background-image":"","background-repeat":"repeat","background-position":"center center","background-size":"auto","background-attachment":"scroll","background-type":"","background-media":"","overlay-type":"","overlay-color":"","overlay-opacity":"","overlay-gradient":""}},"footnotes":""},"categories":[1,4,45],"tags":[174],"class_list":["post-1938","post","type-post","status-publish","format-standard","hentry","category-general","category-portada","category-pc","tag-portes-obertes"],"post_mailing_queue_ids":[],"_links":{"self":[{"href":"https:\/\/agora.xtec.cat\/ceehoritzo\/wp-json\/wp\/v2\/posts\/1938","targetHints":{"allow":["GET"]}}],"collection":[{"href":"https:\/\/agora.xtec.cat\/ceehoritzo\/wp-json\/wp\/v2\/posts"}],"about":[{"href":"https:\/\/agora.xtec.cat\/ceehoritzo\/wp-json\/wp\/v2\/types\/post"}],"author":[{"embeddable":true,"href":"https:\/\/agora.xtec.cat\/ceehoritzo\/wp-json\/wp\/v2\/users\/12"}],"replies":[{"embeddable":true,"href":"https:\/\/agora.xtec.cat\/ceehoritzo\/wp-json\/wp\/v2\/comments?post=1938"}],"version-history":[{"count":3,"href":"https:\/\/agora.xtec.cat\/ceehoritzo\/wp-json\/wp\/v2\/posts\/1938\/revisions"}],"predecessor-version":[{"id":1944,"href":"https:\/\/agora.xtec.cat\/ceehoritzo\/wp-json\/wp\/v2\/posts\/1938\/revisions\/1944"}],"wp:attachment":[{"href":"https:\/\/agora.xtec.cat\/ceehoritzo\/wp-json\/wp\/v2\/media?parent=1938"}],"wp:term":[{"taxonomy":"category","embeddable":true,"href":"https:\/\/agora.xtec.cat\/ceehoritzo\/wp-json\/wp\/v2\/categories?post=1938"},{"taxonomy":"post_tag","embeddable":true,"href":"https:\/\/agora.xtec.cat\/ceehoritzo\/wp-json\/wp\/v2\/tags?post=1938"}],"curies":[{"name":"wp","href":"https:\/\/api.w.org\/{rel}","templated":true}]}}