{"id":1793,"date":"2019-01-24T13:54:02","date_gmt":"2019-01-24T12:54:02","guid":{"rendered":"http:\/\/agora.xtec.cat\/ceehoritzo\/?p=1793"},"modified":"2019-01-24T13:54:26","modified_gmt":"2019-01-24T12:54:26","slug":"tercer-dife-collabora-amb-pineda-de-mar","status":"publish","type":"post","link":"https:\/\/agora.xtec.cat\/ceehoritzo\/general\/tercer-dife-collabora-amb-pineda-de-mar\/","title":{"rendered":"Tercer d&#8217;IFE col\u00b7labora amb Pineda de Mar"},"content":{"rendered":"<p>El trimestre passat els alumnes de tercer d&#8217;IFE vam col\u00b7laborar amb diferents entitats de Pineda: vam anar al menjador social de Poblenou a mirar com anava per si algun dia vol\u00edem col\u00b7laborar, vam dur roba al Rober Solidari i vam muntar una campanya de recollida d&#8217;aliments a l&#8217;escola.<\/p>\n<p>El dia 27 de novembre de 2018 vam anar caminant fins arribar al menjador social de la Parr\u00f2quia de Poblenou. All\u00e0 vam veure com s&#8217;organitzava el menjador, com tenien el menjar ordenat a les neveres, com treballaven els voluntaris i la tasca que feien. Ens van convidar a dinar i vam compartir l&#8217;espai amb tota la gent que feia \u00fas d&#8217;aquest servei.<\/p>\n<p><a href=\"https:\/\/agora.xtec.cat\/ceehoritzo\/wp-content\/uploads\/usu1191\/2019\/01\/IMG_0349-1.jpg\"><img loading=\"lazy\" decoding=\"async\" class=\"wp-image-1802 alignleft\" src=\"https:\/\/agora.xtec.cat\/ceehoritzo\/wp-content\/uploads\/usu1191\/2019\/01\/IMG_0349-1-1024x768.jpg\" alt=\"\" width=\"583\" height=\"437\" \/><\/a><a href=\"https:\/\/agora.xtec.cat\/ceehoritzo\/wp-content\/uploads\/usu1191\/2019\/01\/IMG_0351-1.jpg\"><img loading=\"lazy\" decoding=\"async\" class=\"wp-image-1801 aligncenter\" src=\"https:\/\/agora.xtec.cat\/ceehoritzo\/wp-content\/uploads\/usu1191\/2019\/01\/IMG_0351-1.jpg\" alt=\"\" width=\"368\" height=\"491\" \/><\/a><br \/>\nA m\u00e9s, vam fer una selecci\u00f3 de roba que ten\u00edem a la botiga i que consider\u00e0vem que ja no es podria vendre, i vam classificar-la tota per donar-la al Rober Solidari que gestiona C\u00e0ritas de Poblenou. El dia 30 de novembre vam dur-la a les oficines que estan al carrer Sant Antoni de Pineda.<\/p>\n<p>En aquest enlla\u00e7 podeu consultar l&#8217;article que parla del <a href=\"https:\/\/agora.xtec.cat\/ceehoritzo\/general\/lescola-cee-horitzo-collabora-al-rebost-solidari\/\">Rebost<\/a> Solidari.<\/p>\n<p>Esperem poder seguir col\u00b7laborant amb diferents entitats de la zona.<\/p>\n","protected":false},"excerpt":{"rendered":"<p>El trimestre passat els alumnes de tercer d&#8217;IFE vam col\u00b7laborar amb diferents entitats de Pineda: vam anar al menjador social [&hellip;]<\/p>\n","protected":false},"author":15,"featured_media":0,"comment_status":"open","ping_status":"closed","sticky":false,"template":"","format":"standard","meta":{"_bbp_topic_count":0,"_bbp_reply_count":0,"_bbp_total_topic_count":0,"_bbp_total_reply_count":0,"_bbp_voice_count":0,"_bbp_anonymous_reply_count":0,"_bbp_topic_count_hidden":0,"_bbp_reply_count_hidden":0,"_bbp_forum_subforum_count":0,"site-sidebar-layout":"default","site-content-layout":"","ast-site-content-layout":"","site-content-style":"default","site-sidebar-style":"default","ast-global-header-display":"","ast-banner-title-visibility":"","ast-main-header-display":"","ast-hfb-above-header-display":"","ast-hfb-below-header-display":"","ast-hfb-mobile-header-display":"","site-post-title":"","ast-breadcrumbs-content":"","ast-featured-img":"","footer-sml-layout":"","theme-transparent-header-meta":"","adv-header-id-meta":"","stick-header-meta":"","header-above-stick-meta":"","header-main-stick-meta":"","header-below-stick-meta":"","astra-migrate-meta-layouts":"default","ast-page-background-enabled":"default","ast-page-background-meta":{"desktop":{"background-color":"var(--ast-global-color-4)","background-image":"","background-repeat":"repeat","background-position":"center center","background-size":"auto","background-attachment":"scroll","background-type":"","background-media":"","overlay-type":"","overlay-color":"","overlay-opacity":"","overlay-gradient":""},"tablet":{"background-color":"","background-image":"","background-repeat":"repeat","background-position":"center center","background-size":"auto","background-attachment":"scroll","background-type":"","background-media":"","overlay-type":"","overlay-color":"","overlay-opacity":"","overlay-gradient":""},"mobile":{"background-color":"","background-image":"","background-repeat":"repeat","background-position":"center center","background-size":"auto","background-attachment":"scroll","background-type":"","background-media":"","overlay-type":"","overlay-color":"","overlay-opacity":"","overlay-gradient":""}},"ast-content-background-meta":{"desktop":{"background-color":"var(--ast-global-color-5)","background-image":"","background-repeat":"repeat","background-position":"center center","background-size":"auto","background-attachment":"scroll","background-type":"","background-media":"","overlay-type":"","overlay-color":"","overlay-opacity":"","overlay-gradient":""},"tablet":{"background-color":"var(--ast-global-color-5)","background-image":"","background-repeat":"repeat","background-position":"center center","background-size":"auto","background-attachment":"scroll","background-type":"","background-media":"","overlay-type":"","overlay-color":"","overlay-opacity":"","overlay-gradient":""},"mobile":{"background-color":"var(--ast-global-color-5)","background-image":"","background-repeat":"repeat","background-position":"center center","background-size":"auto","background-attachment":"scroll","background-type":"","background-media":"","overlay-type":"","overlay-color":"","overlay-opacity":"","overlay-gradient":""}},"footnotes":""},"categories":[1,88],"tags":[],"class_list":["post-1793","post","type-post","status-publish","format-standard","hentry","category-general","category-ife"],"post_mailing_queue_ids":[],"_links":{"self":[{"href":"https:\/\/agora.xtec.cat\/ceehoritzo\/wp-json\/wp\/v2\/posts\/1793","targetHints":{"allow":["GET"]}}],"collection":[{"href":"https:\/\/agora.xtec.cat\/ceehoritzo\/wp-json\/wp\/v2\/posts"}],"about":[{"href":"https:\/\/agora.xtec.cat\/ceehoritzo\/wp-json\/wp\/v2\/types\/post"}],"author":[{"embeddable":true,"href":"https:\/\/agora.xtec.cat\/ceehoritzo\/wp-json\/wp\/v2\/users\/15"}],"replies":[{"embeddable":true,"href":"https:\/\/agora.xtec.cat\/ceehoritzo\/wp-json\/wp\/v2\/comments?post=1793"}],"version-history":[{"count":3,"href":"https:\/\/agora.xtec.cat\/ceehoritzo\/wp-json\/wp\/v2\/posts\/1793\/revisions"}],"predecessor-version":[{"id":1804,"href":"https:\/\/agora.xtec.cat\/ceehoritzo\/wp-json\/wp\/v2\/posts\/1793\/revisions\/1804"}],"wp:attachment":[{"href":"https:\/\/agora.xtec.cat\/ceehoritzo\/wp-json\/wp\/v2\/media?parent=1793"}],"wp:term":[{"taxonomy":"category","embeddable":true,"href":"https:\/\/agora.xtec.cat\/ceehoritzo\/wp-json\/wp\/v2\/categories?post=1793"},{"taxonomy":"post_tag","embeddable":true,"href":"https:\/\/agora.xtec.cat\/ceehoritzo\/wp-json\/wp\/v2\/tags?post=1793"}],"curies":[{"name":"wp","href":"https:\/\/api.w.org\/{rel}","templated":true}]}}