{"id":1722,"date":"2018-12-18T09:22:49","date_gmt":"2018-12-18T08:22:49","guid":{"rendered":"http:\/\/agora.xtec.cat\/ceehoritzo\/?p=1722"},"modified":"2018-12-18T13:33:06","modified_gmt":"2018-12-18T12:33:06","slug":"vam-fer-de-voluntaris-al-banc-dels-aliments","status":"publish","type":"post","link":"https:\/\/agora.xtec.cat\/ceehoritzo\/general\/vam-fer-de-voluntaris-al-banc-dels-aliments\/","title":{"rendered":"Vam fer de voluntaris al Banc dels aliments"},"content":{"rendered":"<p>El passat dimecres 12 de desembre vam anar a la seu central del Banc dels Aliments a col\u00b7laborar en les tasques de classificaci\u00f3 dels aliments que es van recollir durant el gran recapte.<\/p>\n<p>A les 9:30 erem a l&#8217;estaci\u00f3 de Pineda on v\u00e0rem agafar un tren direcci\u00f3 Barcelona.<\/p>\n<figure id=\"attachment_1723\" aria-describedby=\"caption-attachment-1723\" style=\"width: 824px\" class=\"wp-caption alignnone\"><a href=\"https:\/\/agora.xtec.cat\/ceehoritzo\/wp-content\/uploads\/usu1191\/2018\/12\/IMG_20181212_094622.png\"><img loading=\"lazy\" decoding=\"async\" class=\"size-large wp-image-1723\" src=\"https:\/\/agora.xtec.cat\/ceehoritzo\/wp-content\/uploads\/usu1191\/2018\/12\/IMG_20181212_094622-1024x796.png\" alt=\"Esperant el tren a l'estaci\u00f3 de Pineda\" width=\"824\" height=\"476\" \/><\/a><figcaption id=\"caption-attachment-1723\" class=\"wp-caption-text\">Esperant el tren a l&#8217;estaci\u00f3 de Pineda<\/figcaption><\/figure>\n<p>&nbsp;<\/p>\n<p>Un cop vam arribar a Barcelona ens vam moure amb transport p\u00fablic, combinant metro i autob\u00fas. Per\u00f2 primer calia assegurar-nos dels passos a seguir.<\/p>\n<figure id=\"attachment_1724\" aria-describedby=\"caption-attachment-1724\" style=\"width: 824px\" class=\"wp-caption alignnone\"><a href=\"https:\/\/agora.xtec.cat\/ceehoritzo\/wp-content\/uploads\/usu1191\/2018\/12\/IMG_20181212_112014.jpg\"><img loading=\"lazy\" decoding=\"async\" class=\"size-large wp-image-1724\" src=\"https:\/\/agora.xtec.cat\/ceehoritzo\/wp-content\/uploads\/usu1191\/2018\/12\/IMG_20181212_112014-1024x576.jpg\" alt=\"Consultant els pl\u00e0nols\" width=\"824\" height=\"476\" \/><\/a><figcaption id=\"caption-attachment-1724\" class=\"wp-caption-text\">Consultant els pl\u00e0nols<\/figcaption><\/figure>\n<p>&nbsp;<\/p>\n<p>Ens vam parar a dinar abans d&#8217;entrar a treballar a la nau industrial del carrer D de la Zona Franca. Durant quatre hores vam estar classificant els aliments que es van recollir durant el Gran Recapte amb altres voluntaris tot fent caixes i muntant palets.<\/p>\n<figure id=\"attachment_1725\" aria-describedby=\"caption-attachment-1725\" style=\"width: 824px\" class=\"wp-caption alignnone\"><a href=\"https:\/\/agora.xtec.cat\/ceehoritzo\/wp-content\/uploads\/usu1191\/2018\/12\/IMAG2600.jpg\"><img loading=\"lazy\" decoding=\"async\" class=\"size-large wp-image-1725\" src=\"https:\/\/agora.xtec.cat\/ceehoritzo\/wp-content\/uploads\/usu1191\/2018\/12\/IMAG2600-1024x576.jpg\" alt=\"Treballant al Banc dels Aliments\" width=\"824\" height=\"476\" \/><\/a><figcaption id=\"caption-attachment-1725\" class=\"wp-caption-text\">Treballant al Banc dels Aliments<\/figcaption><\/figure>\n<p><a href=\"https:\/\/agora.xtec.cat\/ceehoritzo\/wp-content\/uploads\/usu1191\/2018\/12\/IMAG2597.jpg\"><img loading=\"lazy\" decoding=\"async\" class=\"alignnone size-large wp-image-1726\" src=\"https:\/\/agora.xtec.cat\/ceehoritzo\/wp-content\/uploads\/usu1191\/2018\/12\/IMAG2597-1024x576.jpg\" alt=\"\" width=\"1024\" height=\"576\" \/><\/a><\/p>\n<p>Va ser una gran experi\u00e8ncia, mai haviem fet res semblant. Ens ho vam passar molt b\u00e9 tot i que vam acabar molt cansats.<\/p>\n<figure id=\"attachment_1727\" aria-describedby=\"caption-attachment-1727\" style=\"width: 476px\" class=\"wp-caption aligncenter\"><a href=\"https:\/\/agora.xtec.cat\/ceehoritzo\/wp-content\/uploads\/usu1191\/2018\/12\/IMAG2627.jpg\"><img loading=\"lazy\" decoding=\"async\" class=\"size-large wp-image-1727\" src=\"https:\/\/agora.xtec.cat\/ceehoritzo\/wp-content\/uploads\/usu1191\/2018\/12\/IMAG2627-576x1024.jpg\" alt=\"Tornant cap a casa\" width=\"476\" height=\"824\" \/><\/a><figcaption id=\"caption-attachment-1727\" class=\"wp-caption-text\">Tornant cap a casa<\/figcaption><\/figure>\n","protected":false},"excerpt":{"rendered":"<p>El passat dimecres 12 de desembre vam anar a la seu central del Banc dels Aliments a col\u00b7laborar en les [&hellip;]<\/p>\n","protected":false},"author":15,"featured_media":0,"comment_status":"open","ping_status":"closed","sticky":false,"template":"","format":"standard","meta":{"_bbp_topic_count":0,"_bbp_reply_count":0,"_bbp_total_topic_count":0,"_bbp_total_reply_count":0,"_bbp_voice_count":0,"_bbp_anonymous_reply_count":0,"_bbp_topic_count_hidden":0,"_bbp_reply_count_hidden":0,"_bbp_forum_subforum_count":0,"site-sidebar-layout":"default","site-content-layout":"","ast-site-content-layout":"","site-content-style":"default","site-sidebar-style":"default","ast-global-header-display":"","ast-banner-title-visibility":"","ast-main-header-display":"","ast-hfb-above-header-display":"","ast-hfb-below-header-display":"","ast-hfb-mobile-header-display":"","site-post-title":"","ast-breadcrumbs-content":"","ast-featured-img":"","footer-sml-layout":"","theme-transparent-header-meta":"","adv-header-id-meta":"","stick-header-meta":"","header-above-stick-meta":"","header-main-stick-meta":"","header-below-stick-meta":"","astra-migrate-meta-layouts":"default","ast-page-background-enabled":"default","ast-page-background-meta":{"desktop":{"background-color":"var(--ast-global-color-4)","background-image":"","background-repeat":"repeat","background-position":"center center","background-size":"auto","background-attachment":"scroll","background-type":"","background-media":"","overlay-type":"","overlay-color":"","overlay-opacity":"","overlay-gradient":""},"tablet":{"background-color":"","background-image":"","background-repeat":"repeat","background-position":"center center","background-size":"auto","background-attachment":"scroll","background-type":"","background-media":"","overlay-type":"","overlay-color":"","overlay-opacity":"","overlay-gradient":""},"mobile":{"background-color":"","background-image":"","background-repeat":"repeat","background-position":"center center","background-size":"auto","background-attachment":"scroll","background-type":"","background-media":"","overlay-type":"","overlay-color":"","overlay-opacity":"","overlay-gradient":""}},"ast-content-background-meta":{"desktop":{"background-color":"var(--ast-global-color-5)","background-image":"","background-repeat":"repeat","background-position":"center center","background-size":"auto","background-attachment":"scroll","background-type":"","background-media":"","overlay-type":"","overlay-color":"","overlay-opacity":"","overlay-gradient":""},"tablet":{"background-color":"var(--ast-global-color-5)","background-image":"","background-repeat":"repeat","background-position":"center center","background-size":"auto","background-attachment":"scroll","background-type":"","background-media":"","overlay-type":"","overlay-color":"","overlay-opacity":"","overlay-gradient":""},"mobile":{"background-color":"var(--ast-global-color-5)","background-image":"","background-repeat":"repeat","background-position":"center center","background-size":"auto","background-attachment":"scroll","background-type":"","background-media":"","overlay-type":"","overlay-color":"","overlay-opacity":"","overlay-gradient":""}},"footnotes":""},"categories":[1,88,4],"tags":[160,161,96,135],"class_list":["post-1722","post","type-post","status-publish","format-standard","hentry","category-general","category-ife","category-portada","tag-banc-dels-aliments","tag-barcelona","tag-ife","tag-voluntariat"],"post_mailing_queue_ids":[],"_links":{"self":[{"href":"https:\/\/agora.xtec.cat\/ceehoritzo\/wp-json\/wp\/v2\/posts\/1722","targetHints":{"allow":["GET"]}}],"collection":[{"href":"https:\/\/agora.xtec.cat\/ceehoritzo\/wp-json\/wp\/v2\/posts"}],"about":[{"href":"https:\/\/agora.xtec.cat\/ceehoritzo\/wp-json\/wp\/v2\/types\/post"}],"author":[{"embeddable":true,"href":"https:\/\/agora.xtec.cat\/ceehoritzo\/wp-json\/wp\/v2\/users\/15"}],"replies":[{"embeddable":true,"href":"https:\/\/agora.xtec.cat\/ceehoritzo\/wp-json\/wp\/v2\/comments?post=1722"}],"version-history":[{"count":3,"href":"https:\/\/agora.xtec.cat\/ceehoritzo\/wp-json\/wp\/v2\/posts\/1722\/revisions"}],"predecessor-version":[{"id":1732,"href":"https:\/\/agora.xtec.cat\/ceehoritzo\/wp-json\/wp\/v2\/posts\/1722\/revisions\/1732"}],"wp:attachment":[{"href":"https:\/\/agora.xtec.cat\/ceehoritzo\/wp-json\/wp\/v2\/media?parent=1722"}],"wp:term":[{"taxonomy":"category","embeddable":true,"href":"https:\/\/agora.xtec.cat\/ceehoritzo\/wp-json\/wp\/v2\/categories?post=1722"},{"taxonomy":"post_tag","embeddable":true,"href":"https:\/\/agora.xtec.cat\/ceehoritzo\/wp-json\/wp\/v2\/tags?post=1722"}],"curies":[{"name":"wp","href":"https:\/\/api.w.org\/{rel}","templated":true}]}}