{"id":978,"date":"2021-10-28T10:31:41","date_gmt":"2021-10-28T08:31:41","guid":{"rendered":"https:\/\/agora.xtec.cat\/ceefolchicamarasa\/?p=978"},"modified":"2021-11-02T12:55:43","modified_gmt":"2021-11-02T11:55:43","slug":"xarxes-pel-canvi-temps-per-reflexionar","status":"publish","type":"post","link":"https:\/\/agora.xtec.cat\/ceefolchicamarasa\/portada\/xarxes-pel-canvi-temps-per-reflexionar\/","title":{"rendered":"XARXES PEL CANVI. TEMPS PER REFLEXIONAR"},"content":{"rendered":"<p>L\u2019escola participa per tercer any de les trobades de <strong>Xarxes per al Canvi<\/strong> del districte d\u2019Horta-Guinard\u00f3. Xarxes per al Canvi \u00e9s un programa del Consorci d\u2019Educaci\u00f3 de Barcelona creat amb l\u2019objectiu de generar un projecte per a la innovaci\u00f3 pedag\u00f2gica que afavoreixi la transformaci\u00f3 educativa dins el mateix centre.<\/p>\n<p>L\u2019equip impulsor donem la benvinguda a aquest nou curs 21-22 compartint-vos una infografia que hem elaborat arrel del treball reflexiu entorn a les seg\u00fcents q\u00fcestions disparadores: <em>en tant que totes som aprenents, en tant que formem part d\u2019un equip i xarxa.<\/em><\/p>\n<p><a href=\"https:\/\/agora.xtec.cat\/ceefolchicamarasa\/wp-content\/uploads\/usu347\/2021\/10\/21-22-INFOGRAFIA-XPC-CEE-FOLCH-I-CAMARASA.pdf\">INFOGRAFIA <\/a> que hem elaborat arrel de les q\u00fcestions sobre les qu\u00e8 es va reflexionar a la Jornada de Benvinguda de Xarxes per al Canvi d&#8217;aquest curs.<\/p>\n<p><img loading=\"lazy\" decoding=\"async\" class=\"attachment-266x266 aligncenter\" src=\"https:\/\/agora.xtec.cat\/ceefolchicamarasa\/wp-content\/uploads\/usu347\/2021\/10\/21-22-INFOGRAFIA-XPC-CEE-FOLCH-I-CAMARASA-1-pdf.jpg\" alt=\"\" width=\"268\" height=\"670\" \/><\/p>\n","protected":false},"excerpt":{"rendered":"<p>L\u2019escola participa per tercer any de les trobades de Xarxes per al Canvi del districte d\u2019Horta-Guinard\u00f3. Xarxes per al Canvi \u00e9s un programa del Consorci d\u2019Educaci\u00f3 de Barcelona creat amb l\u2019objectiu de generar un projecte per a la innovaci\u00f3 pedag\u00f2gica que afavoreixi la transformaci\u00f3 educativa&hellip;  <a href=\"https:\/\/agora.xtec.cat\/ceefolchicamarasa\/portada\/xarxes-pel-canvi-temps-per-reflexionar\/\" title=\"Read XARXES PEL CANVI. TEMPS PER REFLEXIONAR\">Llegeix m\u00e9s\u00bb<\/a><\/p>\n","protected":false},"author":1,"featured_media":982,"comment_status":"open","ping_status":"closed","sticky":false,"template":"","format":"standard","meta":{"_bbp_topic_count":0,"_bbp_reply_count":0,"_bbp_total_topic_count":0,"_bbp_total_reply_count":0,"_bbp_voice_count":0,"_bbp_anonymous_reply_count":0,"_bbp_topic_count_hidden":0,"_bbp_reply_count_hidden":0,"_bbp_forum_subforum_count":0,"footnotes":""},"categories":[60,4],"tags":[],"class_list":["post-978","post","type-post","status-publish","format-standard","has-post-thumbnail","hentry","category-articles","category-portada"],"post_mailing_queue_ids":[],"_links":{"self":[{"href":"https:\/\/agora.xtec.cat\/ceefolchicamarasa\/wp-json\/wp\/v2\/posts\/978","targetHints":{"allow":["GET"]}}],"collection":[{"href":"https:\/\/agora.xtec.cat\/ceefolchicamarasa\/wp-json\/wp\/v2\/posts"}],"about":[{"href":"https:\/\/agora.xtec.cat\/ceefolchicamarasa\/wp-json\/wp\/v2\/types\/post"}],"author":[{"embeddable":true,"href":"https:\/\/agora.xtec.cat\/ceefolchicamarasa\/wp-json\/wp\/v2\/users\/1"}],"replies":[{"embeddable":true,"href":"https:\/\/agora.xtec.cat\/ceefolchicamarasa\/wp-json\/wp\/v2\/comments?post=978"}],"version-history":[{"count":3,"href":"https:\/\/agora.xtec.cat\/ceefolchicamarasa\/wp-json\/wp\/v2\/posts\/978\/revisions"}],"predecessor-version":[{"id":986,"href":"https:\/\/agora.xtec.cat\/ceefolchicamarasa\/wp-json\/wp\/v2\/posts\/978\/revisions\/986"}],"wp:featuredmedia":[{"embeddable":true,"href":"https:\/\/agora.xtec.cat\/ceefolchicamarasa\/wp-json\/wp\/v2\/media\/982"}],"wp:attachment":[{"href":"https:\/\/agora.xtec.cat\/ceefolchicamarasa\/wp-json\/wp\/v2\/media?parent=978"}],"wp:term":[{"taxonomy":"category","embeddable":true,"href":"https:\/\/agora.xtec.cat\/ceefolchicamarasa\/wp-json\/wp\/v2\/categories?post=978"},{"taxonomy":"post_tag","embeddable":true,"href":"https:\/\/agora.xtec.cat\/ceefolchicamarasa\/wp-json\/wp\/v2\/tags?post=978"}],"curies":[{"name":"wp","href":"https:\/\/api.w.org\/{rel}","templated":true}]}}