{"id":955,"date":"2021-07-07T10:34:59","date_gmt":"2021-07-07T08:34:59","guid":{"rendered":"http:\/\/agora.xtec.cat\/ceefolchicamarasa\/?p=955"},"modified":"2021-07-07T13:54:48","modified_gmt":"2021-07-07T11:54:48","slug":"col%c2%b7laboracio-amb-el-cee-vil%c2%b7lajoana","status":"publish","type":"post","link":"https:\/\/agora.xtec.cat\/ceefolchicamarasa\/general\/col%c2%b7laboracio-amb-el-cee-vil%c2%b7lajoana\/","title":{"rendered":"COL\u00b7LABORACI\u00d3 AMB EL CEE VIL\u00b7LA JOANA"},"content":{"rendered":"<p>Aquest curs els i les alumnes del Folch vam demanar ajuda a l&#8217;equip del CEE Vil\u00b7la Joana per poder fer m\u00e9s accessible l&#8217;activitat de la plantada i el treball a l&#8217;hort per a tot l&#8217;alumnat. De seguida es van entusiasmar amb aquesta col\u00b7laboraci\u00f3 i vam planificar com ho portar\u00edem a terme. Els hi vam enviar uns v\u00eddeos que explicaven quines eren les nostres necessitats.<\/p>\n<p>L&#8217;alumnat del CEE Vil\u00b7la Joana que realitza l&#8217;activitat de fusteria amb el Jofre (professional referent) ha constru\u00eft dues taules de fusta <strong>incre\u00efbles<\/strong> adaptades totalment als alumnes del Folch.<\/p>\n<p>Aquest \u00e9s el <a href=\"https:\/\/drive.google.com\/file\/d\/1BAVxEnHzUOLr5pcAyK1bHvKV1alpJEQ5\/view?usp=sharing\">v\u00eddeo d&#8217;agra\u00efment<\/a> que els vam enviar. Moltes gr\u00e0cies Vil\u00b7la Joana!!!<\/p>\n<p>&nbsp;<\/p>\n<p>&nbsp;<\/p>\n","protected":false},"excerpt":{"rendered":"<p>Aquest curs els i les alumnes del Folch vam demanar ajuda a l&#8217;equip del CEE Vil\u00b7la Joana per poder fer m\u00e9s accessible l&#8217;activitat de la plantada i el treball a l&#8217;hort per a tot l&#8217;alumnat. De seguida es van entusiasmar amb aquesta col\u00b7laboraci\u00f3 i vam&hellip;  <a href=\"https:\/\/agora.xtec.cat\/ceefolchicamarasa\/general\/col%c2%b7laboracio-amb-el-cee-vil%c2%b7lajoana\/\" title=\"Read COL\u00b7LABORACI\u00d3 AMB EL CEE VIL\u00b7LA JOANA\">Llegeix m\u00e9s\u00bb<\/a><\/p>\n","protected":false},"author":1,"featured_media":0,"comment_status":"open","ping_status":"closed","sticky":false,"template":"","format":"standard","meta":{"_bbp_topic_count":0,"_bbp_reply_count":0,"_bbp_total_topic_count":0,"_bbp_total_reply_count":0,"_bbp_voice_count":0,"_bbp_anonymous_reply_count":0,"_bbp_topic_count_hidden":0,"_bbp_reply_count_hidden":0,"_bbp_forum_subforum_count":0,"footnotes":""},"categories":[60,1,4],"tags":[],"class_list":["post-955","post","type-post","status-publish","format-standard","hentry","category-articles","category-general","category-portada"],"post_mailing_queue_ids":[],"_links":{"self":[{"href":"https:\/\/agora.xtec.cat\/ceefolchicamarasa\/wp-json\/wp\/v2\/posts\/955","targetHints":{"allow":["GET"]}}],"collection":[{"href":"https:\/\/agora.xtec.cat\/ceefolchicamarasa\/wp-json\/wp\/v2\/posts"}],"about":[{"href":"https:\/\/agora.xtec.cat\/ceefolchicamarasa\/wp-json\/wp\/v2\/types\/post"}],"author":[{"embeddable":true,"href":"https:\/\/agora.xtec.cat\/ceefolchicamarasa\/wp-json\/wp\/v2\/users\/1"}],"replies":[{"embeddable":true,"href":"https:\/\/agora.xtec.cat\/ceefolchicamarasa\/wp-json\/wp\/v2\/comments?post=955"}],"version-history":[{"count":3,"href":"https:\/\/agora.xtec.cat\/ceefolchicamarasa\/wp-json\/wp\/v2\/posts\/955\/revisions"}],"predecessor-version":[{"id":959,"href":"https:\/\/agora.xtec.cat\/ceefolchicamarasa\/wp-json\/wp\/v2\/posts\/955\/revisions\/959"}],"wp:attachment":[{"href":"https:\/\/agora.xtec.cat\/ceefolchicamarasa\/wp-json\/wp\/v2\/media?parent=955"}],"wp:term":[{"taxonomy":"category","embeddable":true,"href":"https:\/\/agora.xtec.cat\/ceefolchicamarasa\/wp-json\/wp\/v2\/categories?post=955"},{"taxonomy":"post_tag","embeddable":true,"href":"https:\/\/agora.xtec.cat\/ceefolchicamarasa\/wp-json\/wp\/v2\/tags?post=955"}],"curies":[{"name":"wp","href":"https:\/\/api.w.org\/{rel}","templated":true}]}}