{"id":937,"date":"2021-06-22T10:35:03","date_gmt":"2021-06-22T08:35:03","guid":{"rendered":"http:\/\/agora.xtec.cat\/ceefolchicamarasa\/?p=937"},"modified":"2022-06-13T10:26:11","modified_gmt":"2022-06-13T08:26:11","slug":"acomiadem-el-curs-2020-2021","status":"publish","type":"post","link":"https:\/\/agora.xtec.cat\/ceefolchicamarasa\/general\/acomiadem-el-curs-2020-2021\/","title":{"rendered":"ACOMIADEM EL CURS 2020-2021"},"content":{"rendered":"<p>Aquest curs 2020-2021 ha sigut un any escolar molt diferent, volem agrair a totes les fam\u00edlies el vostre suport i la vostra comprensi\u00f3. I, sobretot, volem donar les gr\u00e0cies a tots els i les alumnes del Folch, ha sigut un curs ple de mascaretes per\u00f2 tamb\u00e9 de molts somriures. Aquest v\u00eddeo recull alguns moments d&#8217;aquest singular curs. Ens retrobem al setembre!!!<\/p>\n<p><a href=\"https:\/\/drive.google.com\/file\/d\/1MP50QHptterQliN9we2VStiggKWYkpYU\/view?usp=sharing\">https:\/\/drive.google.com\/file\/d\/1MP50QHptterQliN9we2VStiggKWYkpYU\/view?usp=sharing<\/a><\/p>\n<p>(v\u00eddeo realitzat i editat per la bonica mirada de la Cristina Codina)<\/p>\n","protected":false},"excerpt":{"rendered":"<p>Aquest curs 2020-2021 ha sigut un any escolar molt diferent, volem agrair a totes les fam\u00edlies el vostre suport i la vostra comprensi\u00f3. I, sobretot, volem donar les gr\u00e0cies a tots els i les alumnes del Folch, ha sigut un curs ple de mascaretes per\u00f2&hellip;  <a href=\"https:\/\/agora.xtec.cat\/ceefolchicamarasa\/general\/acomiadem-el-curs-2020-2021\/\" title=\"Read ACOMIADEM EL CURS 2020-2021\">Llegeix m\u00e9s\u00bb<\/a><\/p>\n","protected":false},"author":1,"featured_media":0,"comment_status":"open","ping_status":"closed","sticky":false,"template":"","format":"standard","meta":{"_bbp_topic_count":0,"_bbp_reply_count":0,"_bbp_total_topic_count":0,"_bbp_total_reply_count":0,"_bbp_voice_count":0,"_bbp_anonymous_reply_count":0,"_bbp_topic_count_hidden":0,"_bbp_reply_count_hidden":0,"_bbp_forum_subforum_count":0,"footnotes":""},"categories":[60,1,4],"tags":[],"class_list":["post-937","post","type-post","status-publish","format-standard","hentry","category-articles","category-general","category-portada"],"post_mailing_queue_ids":[],"_links":{"self":[{"href":"https:\/\/agora.xtec.cat\/ceefolchicamarasa\/wp-json\/wp\/v2\/posts\/937","targetHints":{"allow":["GET"]}}],"collection":[{"href":"https:\/\/agora.xtec.cat\/ceefolchicamarasa\/wp-json\/wp\/v2\/posts"}],"about":[{"href":"https:\/\/agora.xtec.cat\/ceefolchicamarasa\/wp-json\/wp\/v2\/types\/post"}],"author":[{"embeddable":true,"href":"https:\/\/agora.xtec.cat\/ceefolchicamarasa\/wp-json\/wp\/v2\/users\/1"}],"replies":[{"embeddable":true,"href":"https:\/\/agora.xtec.cat\/ceefolchicamarasa\/wp-json\/wp\/v2\/comments?post=937"}],"version-history":[{"count":3,"href":"https:\/\/agora.xtec.cat\/ceefolchicamarasa\/wp-json\/wp\/v2\/posts\/937\/revisions"}],"predecessor-version":[{"id":995,"href":"https:\/\/agora.xtec.cat\/ceefolchicamarasa\/wp-json\/wp\/v2\/posts\/937\/revisions\/995"}],"wp:attachment":[{"href":"https:\/\/agora.xtec.cat\/ceefolchicamarasa\/wp-json\/wp\/v2\/media?parent=937"}],"wp:term":[{"taxonomy":"category","embeddable":true,"href":"https:\/\/agora.xtec.cat\/ceefolchicamarasa\/wp-json\/wp\/v2\/categories?post=937"},{"taxonomy":"post_tag","embeddable":true,"href":"https:\/\/agora.xtec.cat\/ceefolchicamarasa\/wp-json\/wp\/v2\/tags?post=937"}],"curies":[{"name":"wp","href":"https:\/\/api.w.org\/{rel}","templated":true}]}}